{"id":4324,"date":"2020-10-19T13:01:44","date_gmt":"2020-10-19T16:01:44","guid":{"rendered":"http:\/\/www.centraldenoticias.com.ar\/?p=4324"},"modified":"2020-10-19T15:55:20","modified_gmt":"2020-10-19T18:55:20","slug":"el-programa-rta-logro-mas-de-70-testeos-este-lunes","status":"publish","type":"post","link":"https:\/\/cdnoticias.com\/index.php\/2020\/10\/19\/el-programa-rta-logro-mas-de-70-testeos-este-lunes\/","title":{"rendered":"El programa RTA logr\u00f3 m\u00e1s de 70 testeos este lunes"},"content":{"rendered":"<p>Se trat\u00f3 de la cuarta jornada de que tuvo lugar en el CAPS 8. De esta manera, en cuatro d\u00edas de desarrollo del programa se han realizado casi 350 testeos.<!--more--><\/p>\n<hr \/>\n<p>Personal de la Secretar\u00eda de Salud del Municipio inform\u00f3 que <strong>este lunes se realizaron m\u00e1s de 70 testeos en el CAPS N\u00ba8 \u201cN\u00e9stor Laffitte\u201d<\/strong>.<\/p>\n<p>Tuvieron lugar en el marco de la cuarta jornada del Programa RTA, rastreo, testeo y aislamiento, <a href=\"https:\/\/cdnoticias.com\/index.php\/2020\/10\/18\/olavarria-pasa-a-una-fase-4-restringida-hasta-el-1-de-noviembre\/\" target=\"_blank\" rel=\"noopener\">tal como lo defini\u00f3 el intendente Ezequiel Galli<\/a>. Cabe recordar que la actividad tambi\u00e9n iba a realizarse este lunes en las localidades de Espigas y Recalde pero <a href=\"https:\/\/cdnoticias.com\/index.php\/2020\/10\/19\/postergan-el-programa-de-deteccion-de-covid-en-las-localidades-por-el-temporal\/\" target=\"_blank\" rel=\"noopener\">la fecha fue reprogramada<\/a> debido al mal estado de los caminos tras las intensas lluvias registradas este domingo.<\/p>\n<p>El Programa impulsado por la Secretar\u00eda de Salud del Municipio tiene por objetivo detectar, de manera temprana, a los pacientes con casos sospechosos de Covid-19 para lograr su aislamiento y el de sus contactos estrechos.<\/p>\n<p><img data-recalc-dims=\"1\" loading=\"lazy\" decoding=\"async\" class=\"aligncenter wp-image-4326\" src=\"https:\/\/i0.wp.com\/cdnoticias.com\/wp-content\/uploads\/2020\/10\/Salud-Testeos-Intensivos-Caps-N%C2%B0-8-1-300x200.jpg?resize=500%2C333&#038;ssl=1\" alt=\"\" width=\"500\" height=\"333\" srcset=\"https:\/\/i0.wp.com\/cdnoticias.com\/wp-content\/uploads\/2020\/10\/Salud-Testeos-Intensivos-Caps-N%C2%B0-8-1.jpg?resize=300%2C200&amp;ssl=1 300w, https:\/\/i0.wp.com\/cdnoticias.com\/wp-content\/uploads\/2020\/10\/Salud-Testeos-Intensivos-Caps-N%C2%B0-8-1.jpg?resize=768%2C512&amp;ssl=1 768w, https:\/\/i0.wp.com\/cdnoticias.com\/wp-content\/uploads\/2020\/10\/Salud-Testeos-Intensivos-Caps-N%C2%B0-8-1.jpg?resize=1024%2C683&amp;ssl=1 1024w, https:\/\/i0.wp.com\/cdnoticias.com\/wp-content\/uploads\/2020\/10\/Salud-Testeos-Intensivos-Caps-N%C2%B0-8-1.jpg?resize=272%2C182&amp;ssl=1 272w, https:\/\/i0.wp.com\/cdnoticias.com\/wp-content\/uploads\/2020\/10\/Salud-Testeos-Intensivos-Caps-N%C2%B0-8-1.jpg?w=1968&amp;ssl=1 1968w, https:\/\/i0.wp.com\/cdnoticias.com\/wp-content\/uploads\/2020\/10\/Salud-Testeos-Intensivos-Caps-N%C2%B0-8-1.jpg?w=1600&amp;ssl=1 1600w\" sizes=\"auto, (max-width: 500px) 100vw, 500px\" \/><\/p>\n<p><strong>A quienes presenten s\u00edntomas como tos, falta de olfato, falta de gusto, m\u00e1s de 37.5\u00ba de fiebre, dolor de garganta, falta de aire o m\u00e1s de 48 horas con diarrea, se les solicita que concurran a los centros de testeos m\u00e1s pr\u00f3ximos a su domicilio.<\/strong><\/p>\n<blockquote><p>El quinto d\u00eda de testeos se desarrollar\u00e1 este martes, en el horario de 10 a 11 horas en el Servicio Territorial N\u00ba2 y de 12 a 13 horas en el Servicio Territorial N\u00ba4.<\/p><\/blockquote>\n<p>De esta manera, <strong>en cuatro d\u00edas de desarrollo del programa con detecci\u00f3n intensiva por localidades y barrios, se han realizado casi 350 testeos<\/strong>. En los primeros tres d\u00edas de operativo, 103 pacientes resultaron positivos para Covid-19.<\/p>\n","protected":false},"excerpt":{"rendered":"<p>Se trat\u00f3 de la cuarta jornada de que tuvo lugar en el CAPS 8. De esta manera, en cuatro d\u00edas<\/p>\n","protected":false},"author":4,"featured_media":4325,"comment_status":"closed","ping_status":"closed","sticky":false,"template":"","format":"standard","meta":{"_jetpack_memberships_contains_paid_content":false,"footnotes":""},"categories":[5,1],"tags":[],"class_list":["post-4324","post","type-post","status-publish","format-standard","has-post-thumbnail","hentry","category-informacion-general","category-portada"],"jetpack_featured_media_url":"https:\/\/i0.wp.com\/cdnoticias.com\/wp-content\/uploads\/2020\/10\/Salud-Testeos-Intensivos-Caps-N%C2%B0-8-2.jpg?fit=1968%2C1312&ssl=1","jetpack_sharing_enabled":true,"_links":{"self":[{"href":"https:\/\/cdnoticias.com\/index.php\/wp-json\/wp\/v2\/posts\/4324","targetHints":{"allow":["GET"]}}],"collection":[{"href":"https:\/\/cdnoticias.com\/index.php\/wp-json\/wp\/v2\/posts"}],"about":[{"href":"https:\/\/cdnoticias.com\/index.php\/wp-json\/wp\/v2\/types\/post"}],"author":[{"embeddable":true,"href":"https:\/\/cdnoticias.com\/index.php\/wp-json\/wp\/v2\/users\/4"}],"replies":[{"embeddable":true,"href":"https:\/\/cdnoticias.com\/index.php\/wp-json\/wp\/v2\/comments?post=4324"}],"version-history":[{"count":0,"href":"https:\/\/cdnoticias.com\/index.php\/wp-json\/wp\/v2\/posts\/4324\/revisions"}],"wp:featuredmedia":[{"embeddable":true,"href":"https:\/\/cdnoticias.com\/index.php\/wp-json\/wp\/v2\/media\/4325"}],"wp:attachment":[{"href":"https:\/\/cdnoticias.com\/index.php\/wp-json\/wp\/v2\/media?parent=4324"}],"wp:term":[{"taxonomy":"category","embeddable":true,"href":"https:\/\/cdnoticias.com\/index.php\/wp-json\/wp\/v2\/categories?post=4324"},{"taxonomy":"post_tag","embeddable":true,"href":"https:\/\/cdnoticias.com\/index.php\/wp-json\/wp\/v2\/tags?post=4324"}],"curies":[{"name":"wp","href":"https:\/\/api.w.org\/{rel}","templated":true}]}}