{"id":43210,"date":"2023-10-06T20:21:34","date_gmt":"2023-10-06T23:21:34","guid":{"rendered":"https:\/\/centraldeportes.com.ar\/?p=43210"},"modified":"2025-02-12T22:02:49","modified_gmt":"2025-02-13T01:02:49","slug":"la-escuela-chaiu-do-kwan-se-quedo-con-la-copa-ciudad-de-olavarria","status":"publish","type":"post","link":"https:\/\/cdnoticias.com\/index.php\/2023\/10\/06\/la-escuela-chaiu-do-kwan-se-quedo-con-la-copa-ciudad-de-olavarria\/","title":{"rendered":"La Escuela Chaiu Do Kwan se qued\u00f3 con la \u201cCopa Ciudad de Olavarr\u00eda\u201d"},"content":{"rendered":"\n<div class=\"wp-block-group is-layout-constrained wp-block-group-is-layout-constrained\">\n<p>El pasado fin de semana se disput\u00f3 en las instalaciones del Centro de Exposiciones Municipal de Olavarr\u00eda la 1\u00b0 \u201cCopa Ciudad de Olavarr\u00eda\u201d de artes marciales y entre m\u00e1s de 500 deportistas, la victoria fue para la Escuela Chaiu Do Kwan.<!--more--><\/p>\n<hr \/>\n<p>El CEMO recibi\u00f3 una multitudinaria competencia de artes marciales organizada por la <strong>escuela F\u00e9nix Ryu<\/strong> que cont\u00f3 con m\u00e1s de una treintena de deportistas de la escuela anfitriona y medio millar de representantes del resto de la Provincia de Buenos Aires.<\/p>\n<p>\u00a0<\/p>\n<p><strong>La 1\u00b0 \u201cCopa Ciudad de Olavarr\u00eda\u201d consagr\u00f3 a la Escuela Chaiu Do Kwan de la ciudad de Lobos<\/strong> que se qued\u00f3 con los trofeos a la mayor cantidad de alumnos y la copa por sumatoria de puntos.<\/p>\n<p>\u00a0<\/p>\n\n<p>\u00a0<\/p>\n<p>Durante dos jornadas hubo actividades de ring y tambi\u00e9n en Tatamis que fueron fiscalizadas por los profesores <strong>Lucas De Rosa, Luciano Mastronardo, Cristian Jara y Gonzalo Torres<\/strong>.<\/p>\n<p>\u00a0<\/p>\n<p>[soliloquy id=&#8221;43175&#8243;]<\/p>\n<p>\u00a0<\/p>\n<p>Adem\u00e1s, de la presencia de representantes de Lobos, Mar del Plata, Necochea, Balcarce, Tandil, Moreno, Azul, Am\u00e9rica, Capital Federal y Gran Buenos Aires que estuvo representado por el Team Argentina a cargo de <strong>Tob\u00edas L\u00f3pez<\/strong>, uno de los m\u00e1ximos exponentes actuales de la disciplina que nos representa a nivel internacional.<\/p>\n<\/div>\n","protected":false},"excerpt":{"rendered":"<p>El pasado fin de semana se disput\u00f3 en las instalaciones del Centro de Exposiciones Municipal de Olavarr\u00eda la 1\u00b0 \u201cCopa<\/p>\n","protected":false},"author":96739694,"featured_media":157991,"comment_status":"closed","ping_status":"closed","sticky":false,"template":"","format":"standard","meta":{"_jetpack_memberships_contains_paid_content":false,"footnotes":""},"categories":[30,1],"tags":[],"class_list":["post-43210","post","type-post","status-publish","format-standard","has-post-thumbnail","hentry","category-polideportivo","category-portada"],"jetpack_featured_media_url":"https:\/\/i0.wp.com\/cdnoticias.com\/wp-content\/uploads\/2023\/10\/taek-9.jpeg?fit=1600%2C1066&ssl=1","jetpack_sharing_enabled":true,"_links":{"self":[{"href":"https:\/\/cdnoticias.com\/index.php\/wp-json\/wp\/v2\/posts\/43210","targetHints":{"allow":["GET"]}}],"collection":[{"href":"https:\/\/cdnoticias.com\/index.php\/wp-json\/wp\/v2\/posts"}],"about":[{"href":"https:\/\/cdnoticias.com\/index.php\/wp-json\/wp\/v2\/types\/post"}],"author":[{"embeddable":true,"href":"https:\/\/cdnoticias.com\/index.php\/wp-json\/wp\/v2\/users\/96739694"}],"replies":[{"embeddable":true,"href":"https:\/\/cdnoticias.com\/index.php\/wp-json\/wp\/v2\/comments?post=43210"}],"version-history":[{"count":0,"href":"https:\/\/cdnoticias.com\/index.php\/wp-json\/wp\/v2\/posts\/43210\/revisions"}],"wp:featuredmedia":[{"embeddable":true,"href":"https:\/\/cdnoticias.com\/index.php\/wp-json\/wp\/v2\/media\/157991"}],"wp:attachment":[{"href":"https:\/\/cdnoticias.com\/index.php\/wp-json\/wp\/v2\/media?parent=43210"}],"wp:term":[{"taxonomy":"category","embeddable":true,"href":"https:\/\/cdnoticias.com\/index.php\/wp-json\/wp\/v2\/categories?post=43210"},{"taxonomy":"post_tag","embeddable":true,"href":"https:\/\/cdnoticias.com\/index.php\/wp-json\/wp\/v2\/tags?post=43210"}],"curies":[{"name":"wp","href":"https:\/\/api.w.org\/{rel}","templated":true}]}}