{"id":43202,"date":"2022-01-05T09:14:22","date_gmt":"2022-01-05T12:14:22","guid":{"rendered":"https:\/\/www.centraldenoticias.com.ar\/?p=43202"},"modified":"2022-01-05T09:14:23","modified_gmt":"2022-01-05T12:14:23","slug":"la-85a-exposicion-general-de-ganaderia-de-la-sociedad-rural-ya-tiene-fecha","status":"publish","type":"post","link":"https:\/\/cdnoticias.com\/index.php\/2022\/01\/05\/la-85a-exposicion-general-de-ganaderia-de-la-sociedad-rural-ya-tiene-fecha\/","title":{"rendered":"La 85\u00aa Exposici\u00f3n General de Ganader\u00eda de la Sociedad Rural ya tiene fecha"},"content":{"rendered":"<p>Se realizar\u00e1 tambi\u00e9n el Circuito Angus Bonaerense entre septiembre y octubre.<!--more--><\/p>\n<hr>\n<p>La Sociedad Rural de Olavarr\u00eda ya fij\u00f3<strong> fecha para uno de los eventos ganaderos m\u00e1s importantes del \u00e1mbito local<\/strong>.<\/p>\n<p>&nbsp;<\/p>\n<blockquote><p>La 85\u00aa Exposici\u00f3n General de Ganader\u00eda y el Circuito Angus Bonaerense 2022 se realizar\u00e1n entre el viernes 30 de septiembre y el s\u00e1bado 1\u00ba de octubre.<\/p><\/blockquote>\n<p>&nbsp;<\/p>\n<p><img data-recalc-dims=\"1\" loading=\"lazy\" decoding=\"async\" class=\"aligncenter wp-image-43203 size-full\" src=\"https:\/\/i0.wp.com\/cdnoticias.com\/wp-content\/uploads\/2022\/01\/Exposicion-de-Ganaderia-2022-Sociedad-Rural-Olavarria.jpeg?resize=568%2C568&#038;ssl=1\" alt=\"\" width=\"568\" height=\"568\" srcset=\"https:\/\/i0.wp.com\/cdnoticias.com\/wp-content\/uploads\/2022\/01\/Exposicion-de-Ganaderia-2022-Sociedad-Rural-Olavarria.jpeg?w=568&amp;ssl=1 568w, https:\/\/i0.wp.com\/cdnoticias.com\/wp-content\/uploads\/2022\/01\/Exposicion-de-Ganaderia-2022-Sociedad-Rural-Olavarria.jpeg?resize=300%2C300&amp;ssl=1 300w, https:\/\/i0.wp.com\/cdnoticias.com\/wp-content\/uploads\/2022\/01\/Exposicion-de-Ganaderia-2022-Sociedad-Rural-Olavarria.jpeg?resize=150%2C150&amp;ssl=1 150w\" sizes=\"auto, (max-width: 568px) 100vw, 568px\" \/><\/p>\n<p>&nbsp;<\/p>\n<p>Esta muestra, que <strong>convoca a las principales caba\u00f1as de la regi\u00f3n<\/strong> cierra anualmente con el remate de los animales.<\/p>\n<p>&nbsp;<\/p>\n<p>Adem\u00e1s, <strong>coincide con el desarrollo de la Expo<\/strong> que organiza tambi\u00e9n la Sociedad Rural en conjunto con la C\u00e1mara Empresaria local.<\/p>\n","protected":false},"excerpt":{"rendered":"<p>Se realizar\u00e1 tambi\u00e9n el Circuito Angus Bonaerense entre septiembre y octubre.<\/p>\n","protected":false},"author":4,"featured_media":26386,"comment_status":"closed","ping_status":"closed","sticky":false,"template":"","format":"standard","meta":{"_jetpack_memberships_contains_paid_content":false,"footnotes":""},"categories":[5,1],"tags":[],"class_list":["post-43202","post","type-post","status-publish","format-standard","has-post-thumbnail","hentry","category-informacion-general","category-portada"],"jetpack_featured_media_url":"https:\/\/i0.wp.com\/cdnoticias.com\/wp-content\/uploads\/2021\/07\/vaca-sociedad-rural.jpg?fit=800%2C445&ssl=1","jetpack_sharing_enabled":true,"_links":{"self":[{"href":"https:\/\/cdnoticias.com\/index.php\/wp-json\/wp\/v2\/posts\/43202","targetHints":{"allow":["GET"]}}],"collection":[{"href":"https:\/\/cdnoticias.com\/index.php\/wp-json\/wp\/v2\/posts"}],"about":[{"href":"https:\/\/cdnoticias.com\/index.php\/wp-json\/wp\/v2\/types\/post"}],"author":[{"embeddable":true,"href":"https:\/\/cdnoticias.com\/index.php\/wp-json\/wp\/v2\/users\/4"}],"replies":[{"embeddable":true,"href":"https:\/\/cdnoticias.com\/index.php\/wp-json\/wp\/v2\/comments?post=43202"}],"version-history":[{"count":0,"href":"https:\/\/cdnoticias.com\/index.php\/wp-json\/wp\/v2\/posts\/43202\/revisions"}],"wp:featuredmedia":[{"embeddable":true,"href":"https:\/\/cdnoticias.com\/index.php\/wp-json\/wp\/v2\/media\/26386"}],"wp:attachment":[{"href":"https:\/\/cdnoticias.com\/index.php\/wp-json\/wp\/v2\/media?parent=43202"}],"wp:term":[{"taxonomy":"category","embeddable":true,"href":"https:\/\/cdnoticias.com\/index.php\/wp-json\/wp\/v2\/categories?post=43202"},{"taxonomy":"post_tag","embeddable":true,"href":"https:\/\/cdnoticias.com\/index.php\/wp-json\/wp\/v2\/tags?post=43202"}],"curies":[{"name":"wp","href":"https:\/\/api.w.org\/{rel}","templated":true}]}}