{"id":43187,"date":"2022-01-05T08:39:58","date_gmt":"2022-01-05T11:39:58","guid":{"rendered":"https:\/\/www.centraldenoticias.com.ar\/?p=43187"},"modified":"2022-01-05T10:21:35","modified_gmt":"2022-01-05T13:21:35","slug":"covid-19-el-martes-se-superaron-las-2000-vacunas-aplicadas-en-olavarria","status":"publish","type":"post","link":"https:\/\/cdnoticias.com\/index.php\/2022\/01\/05\/covid-19-el-martes-se-superaron-las-2000-vacunas-aplicadas-en-olavarria\/","title":{"rendered":"Covid-19: el martes se superaron las 2000 vacunas aplicadas en Olavarr\u00eda"},"content":{"rendered":"<p>Nuevamente hubo un alto registro de vacunaci\u00f3n en nuestra ciudad. Adem\u00e1s, contin\u00faa la vacunaci\u00f3n libre de primeras y segundas dosis para mayores de 3 a\u00f1os.<\/p>\n<p><!--more--><\/p>\n<hr>\n<p>En la jornada del martes se aplicaron 190 vacunas contra el Covid-19 a ni\u00f1os, ni\u00f1as y adolescentes, y 1889 terceras dosis sobre <strong>un total de 2280 aplicaciones<\/strong> distribuidas en las postas sanitarias ubicadas en la Facultad de Ciencias de la Salud, en el Servicio Territorial N.\u00ba 2 y en el Centro Cultural Universitario.<\/p>\n<p>A la par, se desarrolla la vacunaci\u00f3n libre de primeras y segundas dosis para mayores de 3 a\u00f1os, ya sean argentinas, argentinos y turistas extranjeros, en todas las postas sanitarias de la Provincia. Asimismo hay vacunaci\u00f3n libre de terceras dosis para mayores de 60 a\u00f1os e inmunodeprimidos.<\/p>\n<p>Adem\u00e1s, contin\u00faan las actividades preventivas en el Centro Provincial de Testeos que <a href=\"https:\/\/cdnoticias.com\/index.php\/2022\/01\/04\/el-centro-provincial-de-testeos-se-traslada-al-gimnasio-del-club-el-fortin\/\" target=\"_blank\" rel=\"noopener\">funcionar\u00e1 a partir de este mi\u00e9rcoles en el gimnasio del Club El Fort\u00edn<\/a> (Pellegrini y Hornos, acceso por calle Hornos), de lunes a viernes de 7 a 12.<\/p>\n<p><img data-recalc-dims=\"1\" loading=\"lazy\" decoding=\"async\" class=\"aligncenter wp-image-38137 size-full\" src=\"https:\/\/i0.wp.com\/cdnoticias.com\/wp-content\/uploads\/2021\/11\/DIB-Vacunados-segunda-dosis-2-696x464.jpg?resize=696%2C464&#038;ssl=1\" alt=\"\" width=\"696\" height=\"464\" srcset=\"https:\/\/i0.wp.com\/cdnoticias.com\/wp-content\/uploads\/2021\/11\/DIB-Vacunados-segunda-dosis-2-696x464.jpg?resize=696%2C464&amp;ssl=1 696w, https:\/\/i0.wp.com\/cdnoticias.com\/wp-content\/uploads\/2021\/11\/DIB-Vacunados-segunda-dosis-2-696x464.jpg?resize=300%2C200&amp;ssl=1 300w, https:\/\/i0.wp.com\/cdnoticias.com\/wp-content\/uploads\/2021\/11\/DIB-Vacunados-segunda-dosis-2-696x464.jpg?resize=272%2C182&amp;ssl=1 272w\" sizes=\"auto, (max-width: 696px) 100vw, 696px\" \/><\/p>\n<p>Por \u00faltimo, se inform\u00f3 que ya rige el <strong>Pase Libre con Vacuna<\/strong> en la provincia de Buenos Aires. Los responsables de actividades con alta concurrencia deber\u00e1n solicitar el certificado de vacunaci\u00f3n.<\/p>\n<p>Es el requisito de al menos dos dosis de la vacuna contra el Covid-19 que es necesario presentar si ten\u00e9s mas de 13 a\u00f1os para poder asistir a algunas actividades en la provincia de Buenos Aires que pueden presentar mayor riesgo epidemiol\u00f3gico.<\/p>\n<p>No obstante, hasta el 28 de febrero si una persona tiene la primera dosis y no se cumpli\u00f3 el tiempo m\u00ednimo interdosis (seis semanas), tambi\u00e9n podr\u00e1 acreditar el pase libre.<\/p>\n<p>Los que residan en la provincia de Buenos Aires podr\u00e1n <strong>acreditar las dosis de las vacunas<\/strong> con el carnet en cart\u00f3n o tarjeta, en el portal mi.argentina.gob.ar y en las app VacunatePBA, MiArgentina y Cuidar.<\/p>\n","protected":false},"excerpt":{"rendered":"<p>Nuevamente hubo un alto registro de vacunaci\u00f3n en nuestra ciudad. Adem\u00e1s, contin\u00faa la vacunaci\u00f3n libre de primeras y segundas dosis<\/p>\n","protected":false},"author":5,"featured_media":37857,"comment_status":"closed","ping_status":"closed","sticky":false,"template":"","format":"standard","meta":{"_jetpack_memberships_contains_paid_content":false,"footnotes":""},"categories":[16,1],"tags":[],"class_list":["post-43187","post","type-post","status-publish","format-standard","has-post-thumbnail","hentry","category-covid-19","category-portada"],"jetpack_featured_media_url":"https:\/\/i0.wp.com\/cdnoticias.com\/wp-content\/uploads\/2021\/11\/vacunacion-estado-cerca-tuyo-loma-negra-01.jpg?fit=800%2C445&ssl=1","jetpack_sharing_enabled":true,"_links":{"self":[{"href":"https:\/\/cdnoticias.com\/index.php\/wp-json\/wp\/v2\/posts\/43187","targetHints":{"allow":["GET"]}}],"collection":[{"href":"https:\/\/cdnoticias.com\/index.php\/wp-json\/wp\/v2\/posts"}],"about":[{"href":"https:\/\/cdnoticias.com\/index.php\/wp-json\/wp\/v2\/types\/post"}],"author":[{"embeddable":true,"href":"https:\/\/cdnoticias.com\/index.php\/wp-json\/wp\/v2\/users\/5"}],"replies":[{"embeddable":true,"href":"https:\/\/cdnoticias.com\/index.php\/wp-json\/wp\/v2\/comments?post=43187"}],"version-history":[{"count":0,"href":"https:\/\/cdnoticias.com\/index.php\/wp-json\/wp\/v2\/posts\/43187\/revisions"}],"wp:featuredmedia":[{"embeddable":true,"href":"https:\/\/cdnoticias.com\/index.php\/wp-json\/wp\/v2\/media\/37857"}],"wp:attachment":[{"href":"https:\/\/cdnoticias.com\/index.php\/wp-json\/wp\/v2\/media?parent=43187"}],"wp:term":[{"taxonomy":"category","embeddable":true,"href":"https:\/\/cdnoticias.com\/index.php\/wp-json\/wp\/v2\/categories?post=43187"},{"taxonomy":"post_tag","embeddable":true,"href":"https:\/\/cdnoticias.com\/index.php\/wp-json\/wp\/v2\/tags?post=43187"}],"curies":[{"name":"wp","href":"https:\/\/api.w.org\/{rel}","templated":true}]}}