{"id":43179,"date":"2022-01-04T19:06:42","date_gmt":"2022-01-04T22:06:42","guid":{"rendered":"https:\/\/www.centraldenoticias.com.ar\/?p=43179"},"modified":"2022-01-04T19:28:48","modified_gmt":"2022-01-04T22:28:48","slug":"el-centro-provincial-de-testeos-se-traslada-al-gimnasio-del-club-el-fortin","status":"publish","type":"post","link":"https:\/\/cdnoticias.com\/index.php\/2022\/01\/04\/el-centro-provincial-de-testeos-se-traslada-al-gimnasio-del-club-el-fortin\/","title":{"rendered":"El Centro Provincial de Testeos se traslada al gimnasio del Club El Fort\u00edn"},"content":{"rendered":"<p>Funcionar\u00e1 desde este mi\u00e9rcoles en la sede ubicada en avenida Pellegrini y Hornos.<!--more--><\/p>\n<hr \/>\n<p>Desde este mi\u00e9rcoles, el Centro Provincial de Testeo de Covid que funcionaba en la sede del Club El Fort\u00edn ubicado en avenida Urquiza 2980 se traslada al gimnasio del club situado en Av. Pellegrini y Hornos, se ingresa por calle Hornos.<\/p>\n<blockquote><p>Todas las personas que tengan sintomatolog\u00eda compatible con Covid podr\u00e1n acercarse de lunes a viernes en el horario de 7 a 12 y ser\u00e1n testeadas.<\/p><\/blockquote>\n<p>Recordaron que el objetivo de estos Centros es acercar las herramientas de cuidados y prevenci\u00f3n que el Ministerio de Salud de la Provincia de Buenos Aires brinda a los y las bonaerenses.<\/p>\n","protected":false},"excerpt":{"rendered":"<p>Funcionar\u00e1 desde este mi\u00e9rcoles en la sede ubicada en avenida Pellegrini y Hornos.<\/p>\n","protected":false},"author":5,"featured_media":42891,"comment_status":"closed","ping_status":"closed","sticky":false,"template":"","format":"standard","meta":{"_jetpack_memberships_contains_paid_content":false,"footnotes":""},"categories":[16,1],"tags":[],"class_list":["post-43179","post","type-post","status-publish","format-standard","has-post-thumbnail","hentry","category-covid-19","category-portada"],"jetpack_featured_media_url":"https:\/\/i0.wp.com\/cdnoticias.com\/wp-content\/uploads\/2021\/12\/testeo-el-fortin-00.jpg?fit=800%2C445&ssl=1","jetpack_sharing_enabled":true,"_links":{"self":[{"href":"https:\/\/cdnoticias.com\/index.php\/wp-json\/wp\/v2\/posts\/43179","targetHints":{"allow":["GET"]}}],"collection":[{"href":"https:\/\/cdnoticias.com\/index.php\/wp-json\/wp\/v2\/posts"}],"about":[{"href":"https:\/\/cdnoticias.com\/index.php\/wp-json\/wp\/v2\/types\/post"}],"author":[{"embeddable":true,"href":"https:\/\/cdnoticias.com\/index.php\/wp-json\/wp\/v2\/users\/5"}],"replies":[{"embeddable":true,"href":"https:\/\/cdnoticias.com\/index.php\/wp-json\/wp\/v2\/comments?post=43179"}],"version-history":[{"count":0,"href":"https:\/\/cdnoticias.com\/index.php\/wp-json\/wp\/v2\/posts\/43179\/revisions"}],"wp:featuredmedia":[{"embeddable":true,"href":"https:\/\/cdnoticias.com\/index.php\/wp-json\/wp\/v2\/media\/42891"}],"wp:attachment":[{"href":"https:\/\/cdnoticias.com\/index.php\/wp-json\/wp\/v2\/media?parent=43179"}],"wp:term":[{"taxonomy":"category","embeddable":true,"href":"https:\/\/cdnoticias.com\/index.php\/wp-json\/wp\/v2\/categories?post=43179"},{"taxonomy":"post_tag","embeddable":true,"href":"https:\/\/cdnoticias.com\/index.php\/wp-json\/wp\/v2\/tags?post=43179"}],"curies":[{"name":"wp","href":"https:\/\/api.w.org\/{rel}","templated":true}]}}