{"id":43155,"date":"2022-01-04T16:19:47","date_gmt":"2022-01-04T19:19:47","guid":{"rendered":"https:\/\/www.centraldenoticias.com.ar\/?p=43155"},"modified":"2022-01-04T18:50:35","modified_gmt":"2022-01-04T21:50:35","slug":"se-encuentra-en-circulacion-la-variante-omicron-en-argentina-2","status":"publish","type":"post","link":"https:\/\/cdnoticias.com\/index.php\/2022\/01\/04\/se-encuentra-en-circulacion-la-variante-omicron-en-argentina-2\/","title":{"rendered":"Se encuentra en circulaci\u00f3n la variante \u00d3micron en Argentina"},"content":{"rendered":"<p>As\u00ed lo confirm\u00f3 el Ministerio de Salud este martes. La jefa de Gabinete del ministerio, Sonia Tarragona, admiti\u00f3 que \u201cesper\u00e1bamos esta suba de casos\u201d y reconoci\u00f3 que \u201cla gente ha relajado los cuidados\u201d.<!--more--><\/p>\n<hr>\n<p>En el contexto de un<strong> alto incremento de contagios de Covid-19 en todo el pa\u00eds<\/strong>, desde el <strong>Ministerio de Salud<\/strong> de la Naci\u00f3n <strong>confirmaron este martes que ya hay circulaci\u00f3n comunitaria de la variante \u00d3micron en Argentina<\/strong>. \u201c<strong>Esper\u00e1bamos este aumen<\/strong><strong>to de casos.<\/strong> Hay circulaci\u00f3n comunitaria de la variante \u00d3micron\u201d, dijo <strong>Sonia Tarragona, jefa de Gabinete<\/strong> de la cartera conducida por la ministra <strong>Carla Vizzotti.<\/strong><\/p>\n<p>En di\u00e1logo con<strong> Radio Continental<\/strong>, Tarragona explic\u00f3: <strong>\u201cEra lo que se esperaba que ocurriera. Nosotros trabajamos para retrasar el ingreso de Delta<\/strong> hasta que tuvi\u00e9ramos los porcentajes de vacunaci\u00f3n altos en Argentina, y<strong> eso se logr\u00f3<\/strong>. Pero <strong>la circulaci\u00f3n de \u00d3micron vino a complicar todo esto<\/strong>, porque tenemos jurisdicciones donde hay circulaci\u00f3n comunitaria de \u00d3micron que est\u00e1n conviviendo con otras donde est\u00e1 predominando la variante Delta, que son la mayor\u00eda (de casos)\u201d.<\/p>\n<p>Ante este contexto, la funcionaria prefiri\u00f3 <strong>no hacer pron\u00f3sticos en cuanto a c\u00f3mo ser\u00e1 la impactar\u00e1 la variante \u00d3micron en la sociedad argentina<\/strong>. \u201cNo podemos hacer pron\u00f3sticos porque <strong>no tenemos evidencia.<\/strong> Tenemos que <strong>evitar los casos graves y las muertes<\/strong>\u201d, dijo Tarragona.<\/p>\n<p>Ante este contexto incierto, reconoci\u00f3 que<strong> la gente \u201cclaramente ha relajado los cuidados\u201d<\/strong> en el \u00faltimo tiempo por una sensaci\u00f3n de \u201cseguridad\u201d. No obstante, sugiri\u00f3 <strong>reforzar los recaudos<\/strong> para evitar una suba a\u00fan mayor de contagios por COVID-19.<\/p>\n<p>\u201cLa<strong> conducta individual hoy es lo que mejor resultado nos da.<\/strong> Que<strong> la gente mantenga distancia, q<\/strong><strong>ue use barbijo, que se lave las manos,<\/strong> que <strong>evite los lugares cerrados<\/strong> y las aglomeraciones de gente. Eso ha resultado cada vez que lo hemos hecho\u201d, apunt\u00f3.<\/p>\n<p><strong>Informe t\u00e9cnico<\/strong><\/p>\n<p>Seg\u00fan el <strong>\u00faltimo informe t\u00e9cnico del Ministerio de Salud<\/strong> sobre <strong>nuevas variantes del coronavirus en el pa\u00eds<\/strong>, conocido ayer, la <strong>variante \u00d3micron generaba al 20 de diciembre m\u00e1s del 42% de los contagios en C\u00f3rdoba y casi el 10% en CABA.<\/strong> En tanto,<strong> Delta provoca m\u00e1s del 95% de los casos y Gamma<\/strong> (conocida en principio como <strong>Manaos)<\/strong>, predominante <strong>durante la segunda ola, representa menos del 1% de los casos.<\/strong><\/p>\n<p>En el <strong>informe elaborado en el \u00faltimo mes de 2021<\/strong> se detalla que \u201cen las \u00faltimas semanas del periodo analizado, <strong>Delta<\/strong> (B.617.2) <strong>contin\u00faa representando m\u00e1s del 95% de las muestras analizadas<\/strong> para identificaci\u00f3n de variantes de SARS-CoV-2\u2033.<\/p>\n<p>Asimismo, aseguran que hacia dicha fecha comenzaron a detectarse los<strong> primeros casos probables de \u00d3micron, los cuales representaron \u201cun 2.7% de las muestras estudiadas\u201d.<\/strong><\/p>\n<p>Se\u00f1ala, adem\u00e1s, que se<strong> informaron casos de circulaci\u00f3n comunitaria en la ciudad de C\u00f3rdoba<\/strong> y casos aislados en el resto de los departamentos. Mientras que en resto del pa\u00eds, al cierre del informe, <strong>se registraron 24 casos probables de \u00d3micron en personas sin antecedente de viaje,<\/strong> cuatro de los cuales son en la Ciudad de Buenos Aires, ocho en C\u00f3rdoba, dos en San Luis y 10 en Santa Fe.<\/p>\n<p>\u201cLa informaci\u00f3n aportada a la fecha por 3 de las Jurisdicciones del pa\u00eds permite estimar que <strong>la proporci\u00f3n de casos proba<\/strong><strong>bles de \u00d3micron es de un 42.3%<\/strong> para la provincia de C\u00f3rdoba, 9.7% para Ciudad de Buenos Aires y 5.8% para la provincia de Santa Fe\u201d, agrega el informe.<\/p>\n<p><em>Fuente: DIB<\/em><\/p>\n","protected":false},"excerpt":{"rendered":"<p>As\u00ed lo confirm\u00f3 el Ministerio de Salud este martes. La jefa de Gabinete del ministerio, Sonia Tarragona, admiti\u00f3 que \u201cesper\u00e1bamos<\/p>\n","protected":false},"author":6,"featured_media":43139,"comment_status":"closed","ping_status":"closed","sticky":false,"template":"","format":"standard","meta":{"_jetpack_memberships_contains_paid_content":false,"footnotes":""},"categories":[6,1],"tags":[],"class_list":["post-43155","post","type-post","status-publish","format-standard","has-post-thumbnail","hentry","category-nacionales","category-portada"],"jetpack_featured_media_url":"https:\/\/i0.wp.com\/cdnoticias.com\/wp-content\/uploads\/2022\/01\/hisopado.jpg?fit=1200%2C675&ssl=1","jetpack_sharing_enabled":true,"_links":{"self":[{"href":"https:\/\/cdnoticias.com\/index.php\/wp-json\/wp\/v2\/posts\/43155","targetHints":{"allow":["GET"]}}],"collection":[{"href":"https:\/\/cdnoticias.com\/index.php\/wp-json\/wp\/v2\/posts"}],"about":[{"href":"https:\/\/cdnoticias.com\/index.php\/wp-json\/wp\/v2\/types\/post"}],"author":[{"embeddable":true,"href":"https:\/\/cdnoticias.com\/index.php\/wp-json\/wp\/v2\/users\/6"}],"replies":[{"embeddable":true,"href":"https:\/\/cdnoticias.com\/index.php\/wp-json\/wp\/v2\/comments?post=43155"}],"version-history":[{"count":0,"href":"https:\/\/cdnoticias.com\/index.php\/wp-json\/wp\/v2\/posts\/43155\/revisions"}],"wp:featuredmedia":[{"embeddable":true,"href":"https:\/\/cdnoticias.com\/index.php\/wp-json\/wp\/v2\/media\/43139"}],"wp:attachment":[{"href":"https:\/\/cdnoticias.com\/index.php\/wp-json\/wp\/v2\/media?parent=43155"}],"wp:term":[{"taxonomy":"category","embeddable":true,"href":"https:\/\/cdnoticias.com\/index.php\/wp-json\/wp\/v2\/categories?post=43155"},{"taxonomy":"post_tag","embeddable":true,"href":"https:\/\/cdnoticias.com\/index.php\/wp-json\/wp\/v2\/tags?post=43155"}],"curies":[{"name":"wp","href":"https:\/\/api.w.org\/{rel}","templated":true}]}}