{"id":43154,"date":"2023-10-05T18:00:41","date_gmt":"2023-10-05T21:00:41","guid":{"rendered":"https:\/\/centraldeportes.com.ar\/?p=43154"},"modified":"2025-02-12T22:03:02","modified_gmt":"2025-02-13T01:03:02","slug":"multitudinario-provincial-de-patin-artistico-en-el-macro","status":"publish","type":"post","link":"https:\/\/cdnoticias.com\/index.php\/2023\/10\/05\/multitudinario-provincial-de-patin-artistico-en-el-macro\/","title":{"rendered":"Multitudinario Provincial de pat\u00edn art\u00edstico en el Macro"},"content":{"rendered":"\n<div class=\"wp-block-group is-layout-constrained wp-block-group-is-layout-constrained\">\n<p>Casi un millar de deportistas participaron el pasado fin de semana en el Torneo Provincial que se realiz\u00f3 en el Macrogimnasio.<!--more--><\/p>\n<hr \/>\n<p>Organizado por la<strong> Asociaci\u00f3n de Pat\u00edn del Centro<\/strong> y la colaboraci\u00f3n del <strong>Club Estudiantes<\/strong> se llev\u00f3 a cabo un multitudinario <strong>Torneo Provincial<\/strong> que reuni\u00f3 a m\u00e1s de 600 deportistas.<\/p>\n<p>\u00a0<\/p>\n<p>Desde el jueves al domingo se extendi\u00f3 el certamen y dentro de las cuatro extensas jornadas, hubo diez patinadoras del \u201cBataraz\u201d que lograron lucirse.<\/p>\n<p>\u00a0<\/p>\n<p>[soliloquy id=&#8221;43140&#8243;]<\/p>\n<p>\u00a0<\/p>\n<p>Adem\u00e1s de las locales tambi\u00e9n estuvieron presentes representantes del Club Boca Junior, Racing y Loma Negra.<\/p>\n<p>\u00a0<\/p>\n<ul>\n<li>\n<h6><strong>Resultados para las patinadoras del Bata:<\/strong><\/h6>\n<\/li>\n<\/ul>\n<p>\u00a0<\/p>\n<h6><strong>Disciplina Escuela:<\/strong><\/h6>\n<p><strong>Categor\u00eda Tercera C 14 a\u00f1os:<\/strong><\/p>\n<p>4\u00b0 Luisana Espil<\/p>\n<p>\u00a0<\/p>\n<p><strong>Categor\u00eda Segunda C 13 a\u00f1os:<\/strong><\/p>\n<p>2\u00b0 Agustina Melffi<\/p>\n<p>4\u00b0 Renata Zampini Ciuffo<\/p>\n<p>\u00a0<\/p>\n<p><strong>Categor\u00eda Segunda C 14 a\u00f1os:<\/strong><\/p>\n<p>3\u00b0 Luc\u00eda Mata<\/p>\n<p>\u00a0<\/p>\n<h6>Danzas obligatorias:<\/h6>\n<p><strong>Categor\u00eda Avanzado 14 Cadetes:<\/strong><\/p>\n<p>1\u00b0 \u00c1mbar Albertelli<\/p>\n<p>4\u00b0 Delfina Miranda<\/p>\n<p>5\u00b0 Luc\u00eda Mata<\/p>\n<p>8\u00b0 Azul Gerbaix<\/p>\n<p>\u00a0<\/p>\n<h6>Danzas Obligatorias Infantil:<\/h6>\n<p>2\u00b0 Renata Zampini Ciuffo<\/p>\n<p>3\u00b0 Agustina Melffi<\/p>\n<p>\u00a0<\/p>\n<h6>Free Dance y Total Danza:<\/h6>\n<p><strong>Categor\u00eda Avanzado Cadetes:<\/strong><\/p>\n<p>3\u00b0 Delfina Miranda<\/p>\n<p>4\u00b0 \u00c1mbar Albertelli<\/p>\n<p>6\u00b0 Azul Gerbaix<\/p>\n<p>8\u00b0 Luc\u00eda Mata<\/p>\n<p>\u00a0<\/p>\n<p><strong>Categor\u00eda Avanzado Infantil:<\/strong><\/p>\n<p>2\u00b0 Agustina Melffi<\/p>\n<p>3\u00b0: Renata Zampini Ciuffo<\/p>\n<p>\u00a0<\/p>\n<h6>Disciplina Libre:<\/h6>\n<p><strong>Categor\u00eda Tercera C 16 a\u00f1os y m\u00e1s:<\/strong><\/p>\n<p>7\u00b0 M\u00eda Palavecino<\/p>\n<p>\u00a0<\/p>\n<p><strong>Primera C 14 a\u00f1os:<\/strong><\/p>\n<p>12\u00b0 Delfina Miranda<\/p>\n<p>12. Miranda delfina<\/p>\n<p>\u00a0<\/p>\n<p><strong>Segunda 13 a\u00f1os:<\/strong><\/p>\n<p>6\u00b0 Agustina Melffi<\/p>\n<p>17\u00b0 Renata Zampini Ciuffo<\/p>\n<p>\u00a0<\/p>\n<p><strong>Segunda 14 a\u00f1os:<\/strong><\/p>\n<p>10\u00b0 Paulina Soroesta<\/p>\n<p>12\u00b0 \u00c1mbar Albertelli<\/p>\n<p>14\u00b0 Luc\u00eda Mata<\/p>\n<p>\u00a0<\/p>\n<p><strong>Segunda 15 a\u00f1os:<\/strong><\/p>\n<p>6\u00b0 Azul Gerbaix<\/p>\n<p>7\u00b0 Martina Mazzey<\/p>\n<p>8\u00b0 Gracia Suhurt<\/p>\n<\/div>\n","protected":false},"excerpt":{"rendered":"<p>Casi un millar de deportistas participaron el pasado fin de semana en el Torneo Provincial que se realiz\u00f3 en el<\/p>\n","protected":false},"author":96739694,"featured_media":158009,"comment_status":"closed","ping_status":"closed","sticky":false,"template":"","format":"standard","meta":{"_jetpack_memberships_contains_paid_content":false,"footnotes":""},"categories":[30,1],"tags":[],"class_list":["post-43154","post","type-post","status-publish","format-standard","has-post-thumbnail","hentry","category-polideportivo","category-portada"],"jetpack_featured_media_url":"https:\/\/i0.wp.com\/cdnoticias.com\/wp-content\/uploads\/2023\/10\/patin-1.jpeg?fit=1040%2C694&ssl=1","jetpack_sharing_enabled":true,"_links":{"self":[{"href":"https:\/\/cdnoticias.com\/index.php\/wp-json\/wp\/v2\/posts\/43154","targetHints":{"allow":["GET"]}}],"collection":[{"href":"https:\/\/cdnoticias.com\/index.php\/wp-json\/wp\/v2\/posts"}],"about":[{"href":"https:\/\/cdnoticias.com\/index.php\/wp-json\/wp\/v2\/types\/post"}],"author":[{"embeddable":true,"href":"https:\/\/cdnoticias.com\/index.php\/wp-json\/wp\/v2\/users\/96739694"}],"replies":[{"embeddable":true,"href":"https:\/\/cdnoticias.com\/index.php\/wp-json\/wp\/v2\/comments?post=43154"}],"version-history":[{"count":0,"href":"https:\/\/cdnoticias.com\/index.php\/wp-json\/wp\/v2\/posts\/43154\/revisions"}],"wp:featuredmedia":[{"embeddable":true,"href":"https:\/\/cdnoticias.com\/index.php\/wp-json\/wp\/v2\/media\/158009"}],"wp:attachment":[{"href":"https:\/\/cdnoticias.com\/index.php\/wp-json\/wp\/v2\/media?parent=43154"}],"wp:term":[{"taxonomy":"category","embeddable":true,"href":"https:\/\/cdnoticias.com\/index.php\/wp-json\/wp\/v2\/categories?post=43154"},{"taxonomy":"post_tag","embeddable":true,"href":"https:\/\/cdnoticias.com\/index.php\/wp-json\/wp\/v2\/tags?post=43154"}],"curies":[{"name":"wp","href":"https:\/\/api.w.org\/{rel}","templated":true}]}}