{"id":43129,"date":"2022-01-03T09:23:02","date_gmt":"2022-01-04T18:19:10","guid":{"rendered":"https:\/\/www.centraldenoticias.com.ar\/?p=43129"},"modified":"2025-02-02T02:02:50","modified_gmt":"2025-02-02T05:02:50","slug":"el-covid19-retraso-el-inicio-de-la-pretemporada-de-racing","status":"publish","type":"post","link":"https:\/\/cdnoticias.com\/index.php\/2022\/01\/03\/el-covid19-retraso-el-inicio-de-la-pretemporada-de-racing\/","title":{"rendered":"El Covid19 retras\u00f3 el inicio de la pretemporada de Racing"},"content":{"rendered":"<p>Este lunes, Racing deb\u00eda comenzar con la pretemporada pensando en su estreno en el Torneo Federal, pero debido a varios casos de Covid19 decidi\u00f3 postergar el inicio.<!--more--><\/p>\n<hr \/>\n<p>Tras los festejos por el ascenso, varios asistentes a la cena y tambi\u00e9n algunos jugadores dieron positivo de coronavirus por lo que el equipo liderado por Mat\u00edas Orlando empezar\u00e1 a entrenar el pr\u00f3ximo mi\u00e9rcoles y no este lunes como estaba previsto.<\/p>\n<p>&nbsp;<\/p>\n<p>Pensando en el inicio a la competencia el 28 de enero, el \u201cChaira\u201d iba a entrenar este lunes en doble turno en el gimnasio central del Parque Olavarr\u00eda pero los casos de coronavirus de Mart\u00edn Delgado y Gianluca Nolasco, adem\u00e1s del mismo presidente Mario Giacomaso, postergaron el inicio de la pretemporada hasta el pr\u00f3ximo mi\u00e9rcoles y los jugadores deber\u00e1n presentarse con un hisopado negativo.<\/p>\n","protected":false},"excerpt":{"rendered":"<p>Este lunes, Racing deb\u00eda comenzar con la pretemporada pensando en su estreno en el Torneo Federal, pero debido a varios<\/p>\n","protected":false},"author":96739694,"featured_media":145720,"comment_status":"closed","ping_status":"closed","sticky":false,"template":"","format":"standard","meta":{"_jetpack_memberships_contains_paid_content":false,"footnotes":""},"categories":[31,1,57],"tags":[],"class_list":["post-43129","post","type-post","status-publish","format-standard","has-post-thumbnail","hentry","category-basquet","category-portada","category-torneo-federal"],"jetpack_featured_media_url":"https:\/\/i0.wp.com\/cdnoticias.com\/wp-content\/uploads\/2021\/12\/racing-nautico-final-1.png?fit=1280%2C853&ssl=1","jetpack_sharing_enabled":true,"_links":{"self":[{"href":"https:\/\/cdnoticias.com\/index.php\/wp-json\/wp\/v2\/posts\/43129","targetHints":{"allow":["GET"]}}],"collection":[{"href":"https:\/\/cdnoticias.com\/index.php\/wp-json\/wp\/v2\/posts"}],"about":[{"href":"https:\/\/cdnoticias.com\/index.php\/wp-json\/wp\/v2\/types\/post"}],"author":[{"embeddable":true,"href":"https:\/\/cdnoticias.com\/index.php\/wp-json\/wp\/v2\/users\/96739694"}],"replies":[{"embeddable":true,"href":"https:\/\/cdnoticias.com\/index.php\/wp-json\/wp\/v2\/comments?post=43129"}],"version-history":[{"count":0,"href":"https:\/\/cdnoticias.com\/index.php\/wp-json\/wp\/v2\/posts\/43129\/revisions"}],"wp:featuredmedia":[{"embeddable":true,"href":"https:\/\/cdnoticias.com\/index.php\/wp-json\/wp\/v2\/media\/145720"}],"wp:attachment":[{"href":"https:\/\/cdnoticias.com\/index.php\/wp-json\/wp\/v2\/media?parent=43129"}],"wp:term":[{"taxonomy":"category","embeddable":true,"href":"https:\/\/cdnoticias.com\/index.php\/wp-json\/wp\/v2\/categories?post=43129"},{"taxonomy":"post_tag","embeddable":true,"href":"https:\/\/cdnoticias.com\/index.php\/wp-json\/wp\/v2\/tags?post=43129"}],"curies":[{"name":"wp","href":"https:\/\/api.w.org\/{rel}","templated":true}]}}