{"id":43124,"date":"2022-01-04T13:34:10","date_gmt":"2022-01-04T16:34:10","guid":{"rendered":"http:\/\/www.centraldenoticias.com.ar\/?p=43124"},"modified":"2022-01-05T08:43:20","modified_gmt":"2022-01-05T11:43:20","slug":"el-municipio-rechazo-la-peticion-de-trasladar-la-antena-construida-en-colonia-nievas","status":"publish","type":"post","link":"https:\/\/cdnoticias.com\/index.php\/2022\/01\/04\/el-municipio-rechazo-la-peticion-de-trasladar-la-antena-construida-en-colonia-nievas\/","title":{"rendered":"El Municipio rechaz\u00f3 la petici\u00f3n de trasladar la antena construida en Colonia Nievas"},"content":{"rendered":"<p>Explic\u00f3 las razones por las cuales impidi\u00f3 y luego habilit\u00f3 a Telecom a construir la antena: aduce una nota firmada por vecinos que luego se desdijeron. Justamente, los vecinos conf\u00edan en que habr\u00e1 soluci\u00f3n y no se tendr\u00e1 que acudir a la Justicia.&nbsp;<!--more--><\/p>\n<hr>\n<p>Tras varias reuniones, reclamos, idas y vueltas,<strong> finalmente el Municipio rechaz\u00f3 el pedido de reubicaci\u00f3n de la antena construida a pocos metros de la plaza de Colonia Nievas.<\/strong> Si bien todo apunta a que se judicializar\u00e1 este pedido, <strong>los vecinos a\u00fan son optimistas en un posible acuerdo entre la comuna y Telecom Argentina S.A, empresa que realiz\u00f3 la obra.<\/strong><\/p>\n<p>&nbsp;<\/p>\n<p>En el extenso considerando del decreto con fecha del pasado 2 de diciembre, se explic\u00f3 todo el camino que tuvo la situaci\u00f3n hasta llegar a estos d\u00edas, con el rechazo del pedido de reubicaci\u00f3n: <em>\u201cel 3 de septiembre de 2020 desde la Direcci\u00f3n de Planeamiento se emiti\u00f3 un certificado de localizaci\u00f3n en el que se requer\u00eda a los fines de evaluar la factibilidad de la presentaci\u00f3n de la documentaci\u00f3n requerida en la Ordenanza y la planilla de prefactibilidad y localizaci\u00f3n de las instalaciones\u201d<\/em> en la localidad de Colonia Nievas.<\/p>\n<p>&nbsp;<\/p>\n<p>La particularidad se dio a los 25 d\u00edas, dado que <strong>dicha Direcci\u00f3n deneg\u00f3 la instalaci\u00f3n de la estructura <em>\u201cpor considerar que la misma resultaba cercana a la plaza de la localidad y podr\u00eda ocasionar un impacto visual negativo\u201d.<\/em><\/strong><\/p>\n<p>&nbsp;<\/p>\n<p><img data-recalc-dims=\"1\" loading=\"lazy\" decoding=\"async\" class=\"alignnone size-full wp-image-36158\" src=\"https:\/\/i0.wp.com\/cdnoticias.com\/wp-content\/uploads\/2021\/10\/antena-colonia-nievas-00.jpg?resize=800%2C445&#038;ssl=1\" alt=\"\" width=\"800\" height=\"445\" srcset=\"https:\/\/i0.wp.com\/cdnoticias.com\/wp-content\/uploads\/2021\/10\/antena-colonia-nievas-00.jpg?w=800&amp;ssl=1 800w, https:\/\/i0.wp.com\/cdnoticias.com\/wp-content\/uploads\/2021\/10\/antena-colonia-nievas-00.jpg?resize=300%2C167&amp;ssl=1 300w, https:\/\/i0.wp.com\/cdnoticias.com\/wp-content\/uploads\/2021\/10\/antena-colonia-nievas-00.jpg?resize=768%2C427&amp;ssl=1 768w\" sizes=\"auto, (max-width: 800px) 100vw, 800px\" \/><\/p>\n<p>&nbsp;<\/p>\n<blockquote><p>Esta negativa fue \u201cdejada sin efecto\u201d por la firma de 25 vecinos de la localidad de una nota en la que presentaron conformidad de construir una antena en el \u201cpredio evaluado\u201d por parte de la operadora Telecom Argentina S.A.<\/p><\/blockquote>\n<p>&nbsp;<\/p>\n<p>Adujeron que<strong> la aplicaci\u00f3n literal de la normativa ocasionar\u00eda un perjuicio en los vecinos por <em>\u201cimpedir su acceso a la conectividad\u201d<\/em> y con precedentes de excepci\u00f3n, se decidi\u00f3 avanzar de todas maneras<\/strong>. Ya en febrero de 2021 se emiti\u00f3 el certificado de localizaci\u00f3n para que inicien la obra.<\/p>\n<p>&nbsp;<\/p>\n<p>En octubre del a\u00f1o pasado, lo conocido:<strong> vecinos de la localidad, a trav\u00e9s de la Sociedad de Fomento, realizaron un planteo pidiendo informaci\u00f3n sobre su autorizaci\u00f3n, y ya con 15 metros de altura de construcci\u00f3n<\/strong>. <em>\u201cAdem\u00e1s, los vecinos que autorizaron en su momento presentaron una nota pidieron invalidar lo actuado en relaci\u00f3n con la excepci\u00f3n solicitada\u201d<\/em> expresa el decreto. Luego otros vecinos, con patrocinio letrado,<em> \u201ccuestionaron el accionar municipal eludiendo vinculaci\u00f3n con aquel pedido expreso de meses atr\u00e1s que deriv\u00f3 en la autorizaci\u00f3n\u201d.<\/em><\/p>\n<p>&nbsp;<\/p>\n<p>El Municipio agrega que<strong> el pedido ten\u00eda sustento porque se dio durante los meses m\u00e1s complejos de la pandemia, contexto donde la conectividad apareci\u00f3 con especial importancia.<\/strong> &nbsp;Adem\u00e1s, se\u00f1alaron que<strong> la petici\u00f3n es \u201cimposible de revocar\u201d dada la inversi\u00f3n de la empresa hasta el momento: en caso de pedir un traslado, pueden realizar demandas contra la comuna y ser\u00eda de un importante perjuicio econ\u00f3mico para las arcas municipales e incluso, contra los vecinos que autorizaron por \u201ccualquier da\u00f1o ocasionado al erario p\u00fablico\u201d.<\/strong><\/p>\n<p>&nbsp;<\/p>\n<p><span style=\"text-decoration: underline;\"><strong>La postura de los vecinos<\/strong><\/span><\/p>\n<p>&nbsp;<\/p>\n<p><img data-recalc-dims=\"1\" loading=\"lazy\" decoding=\"async\" class=\"alignnone size-full wp-image-36581\" src=\"https:\/\/i0.wp.com\/cdnoticias.com\/wp-content\/uploads\/2021\/10\/manifestacion-colonia-nievas-antena-01.jpg?resize=800%2C445&#038;ssl=1\" alt=\"\" width=\"800\" height=\"445\" srcset=\"https:\/\/i0.wp.com\/cdnoticias.com\/wp-content\/uploads\/2021\/10\/manifestacion-colonia-nievas-antena-01.jpg?w=952&amp;ssl=1 952w, https:\/\/i0.wp.com\/cdnoticias.com\/wp-content\/uploads\/2021\/10\/manifestacion-colonia-nievas-antena-01.jpg?resize=300%2C167&amp;ssl=1 300w, https:\/\/i0.wp.com\/cdnoticias.com\/wp-content\/uploads\/2021\/10\/manifestacion-colonia-nievas-antena-01.jpg?resize=768%2C427&amp;ssl=1 768w, https:\/\/i0.wp.com\/cdnoticias.com\/wp-content\/uploads\/2021\/10\/manifestacion-colonia-nievas-antena-01.jpg?resize=800%2C445&amp;ssl=1 800w\" sizes=\"auto, (max-width: 800px) 100vw, 800px\" \/><\/p>\n<p>&nbsp;<\/p>\n<p>Con este decreto de rechazo<strong><em> \u201centendemos que finaliza la etapa administrativa del reclamo\u201d<\/em> <\/strong>explic\u00f3 la vicepresidenta de la Sociedad de Fomento de Colonia Nievas, Gabriela Del\u00eda, quien a\u00f1adi\u00f3 que se analizar\u00e1 y definir\u00e1 entre los vecinos continuar con la etapa judicial.<\/p>\n<p>&nbsp;<\/p>\n<p>En este sentido, enfatiz\u00f3 a <strong>Central de Noticias<\/strong> que <em>\u201cno cerramos el di\u00e1logo y no es nuestro deseo pasar a la Justicia, tenemos esperanza de que el ejecutivo resuelva\u201d<\/em> indic\u00f3.<\/p>\n<p>&nbsp;<\/p>\n<p>Acerca de este punto ampli\u00f3: <em>\u201cno perdemos las esperanzas de que el Ejecutivo siga negociando con la empresa y nosotros tampoco cerramos la idea del di\u00e1logo para lograr el objetivo\u201d.<\/em><\/p>\n<p>&nbsp;<\/p>\n<p>Del\u00eda, quien tambi\u00e9n es abogada, se\u00f1al\u00f3 que desde la Sociedad de Fomento<strong><em> \u201cno es de nuestro agrado ni intenci\u00f3n tener que iniciar la etapa judicial\u201d<\/em> <\/strong>al tiempo que reiter\u00f3 que<em> \u201cconfiamos y a\u00fan creemos que el Ejecutivo pueda rever esta situaci\u00f3n\u201d.<\/em><\/p>\n","protected":false},"excerpt":{"rendered":"<p>Explic\u00f3 las razones por las cuales impidi\u00f3 y luego habilit\u00f3 a Telecom a construir la antena: aduce una nota firmada<\/p>\n","protected":false},"author":2,"featured_media":36221,"comment_status":"closed","ping_status":"closed","sticky":false,"template":"","format":"standard","meta":{"_jetpack_memberships_contains_paid_content":false,"footnotes":""},"categories":[5,1],"tags":[],"class_list":["post-43124","post","type-post","status-publish","format-standard","has-post-thumbnail","hentry","category-informacion-general","category-portada"],"jetpack_featured_media_url":"https:\/\/i0.wp.com\/cdnoticias.com\/wp-content\/uploads\/2021\/10\/colonia-nievas-protesta-antena-02.jpg?fit=965%2C537&ssl=1","jetpack_sharing_enabled":true,"_links":{"self":[{"href":"https:\/\/cdnoticias.com\/index.php\/wp-json\/wp\/v2\/posts\/43124","targetHints":{"allow":["GET"]}}],"collection":[{"href":"https:\/\/cdnoticias.com\/index.php\/wp-json\/wp\/v2\/posts"}],"about":[{"href":"https:\/\/cdnoticias.com\/index.php\/wp-json\/wp\/v2\/types\/post"}],"author":[{"embeddable":true,"href":"https:\/\/cdnoticias.com\/index.php\/wp-json\/wp\/v2\/users\/2"}],"replies":[{"embeddable":true,"href":"https:\/\/cdnoticias.com\/index.php\/wp-json\/wp\/v2\/comments?post=43124"}],"version-history":[{"count":0,"href":"https:\/\/cdnoticias.com\/index.php\/wp-json\/wp\/v2\/posts\/43124\/revisions"}],"wp:featuredmedia":[{"embeddable":true,"href":"https:\/\/cdnoticias.com\/index.php\/wp-json\/wp\/v2\/media\/36221"}],"wp:attachment":[{"href":"https:\/\/cdnoticias.com\/index.php\/wp-json\/wp\/v2\/media?parent=43124"}],"wp:term":[{"taxonomy":"category","embeddable":true,"href":"https:\/\/cdnoticias.com\/index.php\/wp-json\/wp\/v2\/categories?post=43124"},{"taxonomy":"post_tag","embeddable":true,"href":"https:\/\/cdnoticias.com\/index.php\/wp-json\/wp\/v2\/tags?post=43124"}],"curies":[{"name":"wp","href":"https:\/\/api.w.org\/{rel}","templated":true}]}}