{"id":43105,"date":"2022-01-04T12:05:55","date_gmt":"2022-01-04T15:05:55","guid":{"rendered":"http:\/\/www.centraldenoticias.com.ar\/?p=43105"},"modified":"2022-01-04T12:27:06","modified_gmt":"2022-01-04T15:27:06","slug":"el-intendente-y-german-caputo-recorrieron-los-avances-de-la-obra-del-hospital-municipal","status":"publish","type":"post","link":"https:\/\/cdnoticias.com\/index.php\/2022\/01\/04\/el-intendente-y-german-caputo-recorrieron-los-avances-de-la-obra-del-hospital-municipal\/","title":{"rendered":"El Intendente y Germ\u00e1n Caputo recorrieron los avances de la obra del Hospital Municipal"},"content":{"rendered":"<p>Fue en la ma\u00f1ana de este martes. Se confirm\u00f3 que la ejecuci\u00f3n es del 85%. Es \u201cla obra que marcar\u00e1 un antes y un despu\u00e9s en la salud p\u00fablica de Olavarr\u00eda\u201d dijo Galli.\u00a0<!--more--><\/p>\n<hr \/>\n<p>El intendente Ezequiel Galli, acompa\u00f1ado por el secretario de Salud del Municipio Germ\u00e1n Caputo,<strong> recorrieron la obra de ampliaci\u00f3n del Hospital Municipal \u201cH\u00e9ctor M. Cura\u201d, que cuenta con un porcentaje de ejecuci\u00f3n del 85%.<\/strong><\/p>\n<p>&nbsp;<\/p>\n<p>Se trata de uno de los proyectos<strong><em> \u201cm\u00e1s significativos y ambiciosos de los \u00faltimos 30 a\u00f1os en materia de inversi\u00f3n en infraestructura sanitaria, que implicar\u00e1 una importante reestructuraci\u00f3n edilicia<\/em><\/strong>\u201d destacaron mediante un comunicado.<\/p>\n<p>&nbsp;<\/p>\n<p>La obra de ampliaci\u00f3n \u2013a cargo de la empresa Visan Ingenier\u00eda S.A.- consiste en la construcci\u00f3n de un edificio totalmente nuevo de unos 1.200 metros cuadrados cubiertos, distribuidos en tres niveles:<strong> en planta baja se ubicar\u00e1 el sector de quir\u00f3fano de gastroenterolog\u00eda y sala de espera, administraci\u00f3n, informes, accesos a internaci\u00f3n. Mientras que en el primer y segundo piso, pasar\u00e1 a funcionar el sector de internaci\u00f3n, enfermer\u00eda y cocina.<\/strong><\/p>\n<p>&nbsp;<\/p>\n<p><img data-recalc-dims=\"1\" loading=\"lazy\" decoding=\"async\" class=\"alignnone size-large wp-image-43106\" src=\"https:\/\/i0.wp.com\/cdnoticias.com\/wp-content\/uploads\/2022\/01\/Salud-Recorrida-Ampliacion-Hospital-1-scaled.jpg?resize=800%2C534&#038;ssl=1\" alt=\"\" width=\"800\" height=\"534\" srcset=\"https:\/\/i0.wp.com\/cdnoticias.com\/wp-content\/uploads\/2022\/01\/Salud-Recorrida-Ampliacion-Hospital-1-scaled.jpg?resize=1024%2C684&amp;ssl=1 1024w, https:\/\/i0.wp.com\/cdnoticias.com\/wp-content\/uploads\/2022\/01\/Salud-Recorrida-Ampliacion-Hospital-1-scaled.jpg?resize=300%2C201&amp;ssl=1 300w, https:\/\/i0.wp.com\/cdnoticias.com\/wp-content\/uploads\/2022\/01\/Salud-Recorrida-Ampliacion-Hospital-1-scaled.jpg?resize=768%2C513&amp;ssl=1 768w, https:\/\/i0.wp.com\/cdnoticias.com\/wp-content\/uploads\/2022\/01\/Salud-Recorrida-Ampliacion-Hospital-1-scaled.jpg?resize=272%2C182&amp;ssl=1 272w, https:\/\/i0.wp.com\/cdnoticias.com\/wp-content\/uploads\/2022\/01\/Salud-Recorrida-Ampliacion-Hospital-1-scaled.jpg?w=1600&amp;ssl=1 1600w, https:\/\/i0.wp.com\/cdnoticias.com\/wp-content\/uploads\/2022\/01\/Salud-Recorrida-Ampliacion-Hospital-1-scaled.jpg?w=2400&amp;ssl=1 2400w\" sizes=\"auto, (max-width: 800px) 100vw, 800px\" \/><\/p>\n<p>&nbsp;<\/p>\n<p>Al respecto, Ezequiel Galli dijo que <em>\u201cestamos muy conformes con el avance de la obra que marcar\u00e1 un antes y un despu\u00e9s en la salud p\u00fablica de Olavarr\u00eda. Queda muy poco para que la podamos inaugurar y poner en funcionamiento\u201d.<\/em><\/p>\n<p>&nbsp;<\/p>\n<blockquote><p>\u201cEste nuevo edificio cuenta con tecnolog\u00eda de avanzada y permitir\u00e1 ampliar la capacidad de nuestro Hospital para que siga siendo una referencia en la regi\u00f3n\u201d, agreg\u00f3.<\/p><\/blockquote>\n<p>&nbsp;<\/p>\n<p>Cabe recordar que una vez finalizada esta primera etapa, <strong>se prev\u00e9 la remodelaci\u00f3n, para vincular ambos edificios y unificar los servicios de Cl\u00ednica M\u00e9dica y Cl\u00ednica Quir\u00fargica, en una segunda instancia.<\/strong><\/p>\n<p>&nbsp;<\/p>\n<p>El \u00e1rea total, con el edificio nuevo m\u00e1s la remodelaci\u00f3n del edificio actual (que no se encuentra contemplada en esta primera etapa),<strong> ser\u00e1 de 2.300 metros cuadrados, con mayor capacidad para internaci\u00f3n, distribuidos en dos plantas y planta baja para gastroenterolog\u00eda.<\/strong><\/p>\n","protected":false},"excerpt":{"rendered":"<p>Fue en la ma\u00f1ana de este martes. Se confirm\u00f3 que la ejecuci\u00f3n es del 85%. Es \u201cla obra que marcar\u00e1<\/p>\n","protected":false},"author":2,"featured_media":43107,"comment_status":"closed","ping_status":"closed","sticky":false,"template":"","format":"standard","meta":{"_jetpack_memberships_contains_paid_content":false,"footnotes":""},"categories":[5,1],"tags":[],"class_list":["post-43105","post","type-post","status-publish","format-standard","has-post-thumbnail","hentry","category-informacion-general","category-portada"],"jetpack_featured_media_url":"https:\/\/i0.wp.com\/cdnoticias.com\/wp-content\/uploads\/2022\/01\/Salud-Recorrida-Ampliacion-Hospital-2-scaled.jpg?fit=2560%2C1711&ssl=1","jetpack_sharing_enabled":true,"_links":{"self":[{"href":"https:\/\/cdnoticias.com\/index.php\/wp-json\/wp\/v2\/posts\/43105","targetHints":{"allow":["GET"]}}],"collection":[{"href":"https:\/\/cdnoticias.com\/index.php\/wp-json\/wp\/v2\/posts"}],"about":[{"href":"https:\/\/cdnoticias.com\/index.php\/wp-json\/wp\/v2\/types\/post"}],"author":[{"embeddable":true,"href":"https:\/\/cdnoticias.com\/index.php\/wp-json\/wp\/v2\/users\/2"}],"replies":[{"embeddable":true,"href":"https:\/\/cdnoticias.com\/index.php\/wp-json\/wp\/v2\/comments?post=43105"}],"version-history":[{"count":0,"href":"https:\/\/cdnoticias.com\/index.php\/wp-json\/wp\/v2\/posts\/43105\/revisions"}],"wp:featuredmedia":[{"embeddable":true,"href":"https:\/\/cdnoticias.com\/index.php\/wp-json\/wp\/v2\/media\/43107"}],"wp:attachment":[{"href":"https:\/\/cdnoticias.com\/index.php\/wp-json\/wp\/v2\/media?parent=43105"}],"wp:term":[{"taxonomy":"category","embeddable":true,"href":"https:\/\/cdnoticias.com\/index.php\/wp-json\/wp\/v2\/categories?post=43105"},{"taxonomy":"post_tag","embeddable":true,"href":"https:\/\/cdnoticias.com\/index.php\/wp-json\/wp\/v2\/tags?post=43105"}],"curies":[{"name":"wp","href":"https:\/\/api.w.org\/{rel}","templated":true}]}}