{"id":43072,"date":"2022-01-04T21:22:59","date_gmt":"2022-01-05T00:22:59","guid":{"rendered":"http:\/\/www.centraldenoticias.com.ar\/?p=43072"},"modified":"2022-01-04T21:22:59","modified_gmt":"2022-01-05T00:22:59","slug":"lecturas-recomendadas-existen-los-libros-para-el-verano","status":"publish","type":"post","link":"https:\/\/cdnoticias.com\/index.php\/2022\/01\/04\/lecturas-recomendadas-existen-los-libros-para-el-verano\/","title":{"rendered":"Lecturas recomendadas: \u00bfExisten los libros para el verano?"},"content":{"rendered":"<p>Desde Central Radio\u00a0 en conjunto con Librer\u00eda El Puente te ayudamos a elegir tu pr\u00f3xima lectura. \u00bfQu\u00e9 vas a leer hoy?.<!--more--><\/p>\n<hr \/>\n<p>Todos los martes, en Central Radio (Radio Sapiens FM 102.7)\u00a0 vamos a proponer el espacio de <a href=\"https:\/\/www.instagram.com\/queleistehoy\/\" target=\"_blank\" rel=\"noopener\">\u00bfQu\u00e9 le\u00edste hoy?<\/a>, con la intenci\u00f3n de fomentar y promocionar la lectura. Acompa\u00f1ados por <a href=\"https:\/\/www.instagram.com\/elpuentelibreria\/\" target=\"_blank\" rel=\"noopener\">El Puente Librer\u00eda<\/a>, nos embarcamos en la hermosa tarea de elegir nuestro pr\u00f3ximo libro.<\/p>\n<p>\u00a0<\/p>\n<p>Hay una visi\u00f3n extendida de que durante el verano se prefieren las lecturas \u00e1giles, no muy extensas y que conecte con las emociones y los sentidos.<\/p>\n<p>\u00a0<\/p>\n<p>Sin embargo, algunas personas optan por empezar el a\u00f1o con lecturas pendientes o de muchas p\u00e1ginas para aprovechar una mayor disponibilidad de tiempo en caso de vacaciones.<\/p>\n<p>\u00a0<\/p>\n<p>En ese sentido, y si de vacaciones hablamos, tambi\u00e9n influye el tama\u00f1o y peso del libro al momento de armar la valija para emprender un viaje.<\/p>\n<p>\u00a0<\/p>\n<p>De cualquier forma, siempre es un buen momento para elegir un libro. La propuesta para este inicio del a\u00f1o viene en este caso de El Puente Librer\u00eda: pod\u00e9s encontrar estas recomendaciones en el coraz\u00f3n de Pueblo Nuevo, Independencia 2843, de lunes a s\u00e1bado de 9 a 13 y de 16 a 20:30.\u00a0<\/p>\n<p>\u00a0<\/p>\n<p>\u00a0<\/p>\n<p><img data-recalc-dims=\"1\" loading=\"lazy\" decoding=\"async\" class=\"alignleft wp-image-43078 size-medium\" src=\"https:\/\/i0.wp.com\/cdnoticias.com\/wp-content\/uploads\/2022\/01\/desvelosdeverano.jpg?resize=176%2C300&#038;ssl=1\" alt=\"\" width=\"176\" height=\"300\" srcset=\"https:\/\/i0.wp.com\/cdnoticias.com\/wp-content\/uploads\/2022\/01\/desvelosdeverano.jpg?resize=176%2C300&amp;ssl=1 176w, https:\/\/i0.wp.com\/cdnoticias.com\/wp-content\/uploads\/2022\/01\/desvelosdeverano.jpg?w=293&amp;ssl=1 293w\" sizes=\"auto, (max-width: 176px) 100vw, 176px\" \/>Desvelos de Verano \u2013 Mart\u00edn Kohan<\/p>\n<p>(Penguin Random House Grupo Editorial Argentina)<\/p>\n<p>En Desvelos de verano prevalece una atm\u00f3sfera com\u00fan: la del calor, la del verano; un entorno que, en el contexto de historias de pueblo o ciudades chicas, combina lo abierto con lo opresivo, el aire libre con el encierro (encierro incluso al aire libre).<\/p>\n<p>\u00a0<\/p>\n<p>En Desvelos de verano prevalece una atm\u00f3sfera com\u00fan: la del calor, la del verano; un entorno que, en el contexto de historias de pueblo o ciudades chicas, combina lo abierto con lo opresivo, el aire libre con el encierro (encierro incluso al aire libre).<\/p>\n<p>\u00a0<\/p>\n<p>\u00a0<\/p>\n<p><img data-recalc-dims=\"1\" loading=\"lazy\" decoding=\"async\" class=\"alignleft wp-image-43079 size-medium\" src=\"https:\/\/i0.wp.com\/cdnoticias.com\/wp-content\/uploads\/2022\/01\/ellibrodelverano.jpg?resize=191%2C300&#038;ssl=1\" alt=\"\" width=\"191\" height=\"300\" srcset=\"https:\/\/i0.wp.com\/cdnoticias.com\/wp-content\/uploads\/2022\/01\/ellibrodelverano.jpg?resize=191%2C300&amp;ssl=1 191w, https:\/\/i0.wp.com\/cdnoticias.com\/wp-content\/uploads\/2022\/01\/ellibrodelverano.jpg?w=541&amp;ssl=1 541w\" sizes=\"auto, (max-width: 191px) 100vw, 191px\" \/>El libro del verano \u2013 Tove Jansson<\/p>\n<p>(Compa\u00f1\u00eda Naviera Ilimitada editores)<\/p>\n<p>Se trata de la primera novela que se publica en el pa\u00eds de la autora finlandesa, gracias al proyecto de esta editorial independiente argentina. Se dice que este libro, tiene la virtud de reconfortar precisamente por las mismas razones que inquieta.<\/p>\n<p>\u00a0<\/p>\n<p>Una artista anciana y su nieta de seis a\u00f1os pasan los veranos en una peque\u00f1a isla del archipi\u00e9lago finland\u00e9s. La abuela es algo malhumorada y poco sentimental; Sophia, impetuosa y vol\u00e1til. Una conoce profundamente la vida, la otra est\u00e1 ansiosa por saberlo todo. Juntas exploran la isla y sus secretos, inventan historias para explicar los misterios que las circundan, mientras se preguntan sobre la vida, la muerte, la naturaleza que las rodea, el amor.<\/p>\n<p>\u00a0<\/p>\n<p>\u00a0<\/p>\n<p><img data-recalc-dims=\"1\" loading=\"lazy\" decoding=\"async\" class=\"alignleft wp-image-43077 size-medium\" src=\"https:\/\/i0.wp.com\/cdnoticias.com\/wp-content\/uploads\/2022\/01\/tenesderechoa.jpg?resize=300%2C300&#038;ssl=1\" alt=\"\" width=\"300\" height=\"300\" srcset=\"https:\/\/i0.wp.com\/cdnoticias.com\/wp-content\/uploads\/2022\/01\/tenesderechoa.jpg?resize=300%2C300&amp;ssl=1 300w, https:\/\/i0.wp.com\/cdnoticias.com\/wp-content\/uploads\/2022\/01\/tenesderechoa.jpg?resize=150%2C150&amp;ssl=1 150w, https:\/\/i0.wp.com\/cdnoticias.com\/wp-content\/uploads\/2022\/01\/tenesderechoa.jpg?resize=768%2C768&amp;ssl=1 768w, https:\/\/i0.wp.com\/cdnoticias.com\/wp-content\/uploads\/2022\/01\/tenesderechoa.jpg?w=900&amp;ssl=1 900w\" sizes=\"auto, (max-width: 300px) 100vw, 300px\" \/>Ten\u00e9s derecho a permanecer gorda \u2013 Virgie Tovar<\/p>\n<p>(Ediciones Godot)<\/p>\n<p>\u201cSe sustituy\u00f3 mi relaci\u00f3n con mi cuerpo con una idea t\u00f3xica: tu cuerpo est\u00e1 mal. Esta idea amenazar\u00eda mi felicidad y mi salud durante casi dos d\u00e9cadas. Me encantar\u00eda que no fuera as\u00ed, pero mi historia no es \u00fanica\u201d.<\/p>\n<p>\u00a0<\/p>\n<p>Virgie Tovar es una de las principales expertas en cuestiones de discriminaci\u00f3n relacionadas con el peso y la imagen corporal. En este ensayo, busca brindar herramientas para combatir la \u201ccultura de la dieta\u201d.<\/p>\n<p>\u00a0<\/p>\n<p>\u00a0<\/p>\n<p><img data-recalc-dims=\"1\" loading=\"lazy\" decoding=\"async\" class=\"alignleft wp-image-43076 size-medium\" src=\"https:\/\/i0.wp.com\/cdnoticias.com\/wp-content\/uploads\/2022\/01\/cogerycomersin.jpg?resize=195%2C300&#038;ssl=1\" alt=\"\" width=\"195\" height=\"300\" srcset=\"https:\/\/i0.wp.com\/cdnoticias.com\/wp-content\/uploads\/2022\/01\/cogerycomersin.jpg?resize=195%2C300&amp;ssl=1 195w, https:\/\/i0.wp.com\/cdnoticias.com\/wp-content\/uploads\/2022\/01\/cogerycomersin.jpg?w=252&amp;ssl=1 252w\" sizes=\"auto, (max-width: 195px) 100vw, 195px\" \/>Coger y comer sin culpa \u2013 Mar\u00eda del Mar Ram\u00f3n<\/p>\n<p>(Paidos)<\/p>\n<p>\u201cNuestros cuerpos son una herramienta de placer y el placer es un derecho fundamental para nuestras vidas\u201d, escribe la autora.<\/p>\n<p>\u00a0<\/p>\n<p>No es un ensayo sobre el feminismo, tampoco ficci\u00f3n y mucho menos autoayuda. El libro, se compone del testimonio de una mujer joven que cuenta a veces desde el humor y otras desde la bronca, c\u00f3mo la culpa molde\u00f3 y limit\u00f3 el deseo y el placer femenino.<\/p>\n\n\n<div style=\"height:100px\" aria-hidden=\"true\" class=\"wp-block-spacer\"><\/div>\n","protected":false},"excerpt":{"rendered":"<p>Desde Central Radio\u00a0 en conjunto con Librer\u00eda El Puente te ayudamos a elegir tu pr\u00f3xima lectura. \u00bfQu\u00e9 vas a leer<\/p>\n","protected":false},"author":5,"featured_media":43082,"comment_status":"closed","ping_status":"closed","sticky":false,"template":"","format":"standard","meta":{"_jetpack_memberships_contains_paid_content":false,"footnotes":""},"categories":[9,1],"tags":[],"class_list":["post-43072","post","type-post","status-publish","format-standard","has-post-thumbnail","hentry","category-cultura","category-portada"],"jetpack_featured_media_url":"https:\/\/i0.wp.com\/cdnoticias.com\/wp-content\/uploads\/2022\/01\/Dise%C3%B1o-sin-t%C3%ADtulo.png?fit=1080%2C1080&ssl=1","jetpack_sharing_enabled":true,"_links":{"self":[{"href":"https:\/\/cdnoticias.com\/index.php\/wp-json\/wp\/v2\/posts\/43072","targetHints":{"allow":["GET"]}}],"collection":[{"href":"https:\/\/cdnoticias.com\/index.php\/wp-json\/wp\/v2\/posts"}],"about":[{"href":"https:\/\/cdnoticias.com\/index.php\/wp-json\/wp\/v2\/types\/post"}],"author":[{"embeddable":true,"href":"https:\/\/cdnoticias.com\/index.php\/wp-json\/wp\/v2\/users\/5"}],"replies":[{"embeddable":true,"href":"https:\/\/cdnoticias.com\/index.php\/wp-json\/wp\/v2\/comments?post=43072"}],"version-history":[{"count":0,"href":"https:\/\/cdnoticias.com\/index.php\/wp-json\/wp\/v2\/posts\/43072\/revisions"}],"wp:featuredmedia":[{"embeddable":true,"href":"https:\/\/cdnoticias.com\/index.php\/wp-json\/wp\/v2\/media\/43082"}],"wp:attachment":[{"href":"https:\/\/cdnoticias.com\/index.php\/wp-json\/wp\/v2\/media?parent=43072"}],"wp:term":[{"taxonomy":"category","embeddable":true,"href":"https:\/\/cdnoticias.com\/index.php\/wp-json\/wp\/v2\/categories?post=43072"},{"taxonomy":"post_tag","embeddable":true,"href":"https:\/\/cdnoticias.com\/index.php\/wp-json\/wp\/v2\/tags?post=43072"}],"curies":[{"name":"wp","href":"https:\/\/api.w.org\/{rel}","templated":true}]}}