{"id":43064,"date":"2022-01-03T20:42:02","date_gmt":"2022-01-03T23:42:02","guid":{"rendered":"http:\/\/www.centraldenoticias.com.ar\/?p=43064"},"modified":"2022-01-04T09:03:04","modified_gmt":"2022-01-04T12:03:04","slug":"galli-sobre-la-3-ola-de-covid19-hoy-estamos-en-una-situacion-que-no-es-compleja","status":"publish","type":"post","link":"https:\/\/cdnoticias.com\/index.php\/2022\/01\/03\/galli-sobre-la-3-ola-de-covid19-hoy-estamos-en-una-situacion-que-no-es-compleja\/","title":{"rendered":"Galli sobre la 3\u00b0 Ola de Covid19: \u201choy estamos en una situaci\u00f3n que no es compleja\u201d"},"content":{"rendered":"<p>En entrevista con Central Radio tambi\u00e9n habl\u00f3 sobre c\u00f3mo impacta la pandemia en el sistema sanitario local. \u201cCreemos que la variante \u00d3micron tambi\u00e9n est\u00e1 circulando\u201d, agreg\u00f3.<!--more--><\/p>\n<hr \/>\n<p>En el inicio de <em><strong>Central Radio en Radio Sapiens (FM 102.7)<\/strong><\/em> se llev\u00f3 a cabo una entrevista en vivo con el intendente Ezequiel Galli, quien habl\u00f3 de varios temas. Adem\u00e1s de su mirada acerca de la <a href=\"https:\/\/cdnoticias.com\/index.php\/2022\/01\/03\/galli-sobre-la-re-reeleccion-es-muy-prematuro-saber-si-uno-va-a-ser-candidato\/\" target=\"_blank\" rel=\"noopener\">reforma a la Ley sobre las reelecciones indefinidas<\/a>, <strong>el jefe comunal habl\u00f3 tambi\u00e9n sobre la tercera ola de Covid19.<\/strong><\/p>\n<p>&nbsp;<\/p>\n<p><iframe loading=\"lazy\" src=\"https:\/\/www.ivoox.com\/player_ej_80385779_6_1.html?c1=0b3c73\" width=\"100%\" height=\"200\" frameborder=\"0\" scrolling=\"no\" allowfullscreen=\"allowfullscreen\"><\/iframe><\/p>\n<p>&nbsp;<\/p>\n<p>\u201cEn realidad estamos ante una gran demanda de testeos, no es una gran demanda, gracias a Dios, de internaciones. <strong>Venimos con internaciones muy bajas en esta tercera ola<\/strong>\u201d, detall\u00f3. Vale destacar que, <a href=\"https:\/\/cdnoticias.com\/index.php\/2022\/01\/03\/record-absoluto-de-casos-428-positivos-en-dos-jornadas\/\" target=\"_blank\" rel=\"noopener\">seg\u00fan el informe de este lunes<\/a>, <strong>Olavarr\u00eda cuenta con m\u00e1s de mil casos activos pero hay solo 2 pacientes hospitalizados.<\/strong><\/p>\n<p>&nbsp;<\/p>\n<p><strong>\u201cTenemos mucha cantidad de contagiados. S\u00ed, es cierto\u201d<\/strong>, reconoci\u00f3 pero enfatiz\u00f3 que \u201choy estamos en una situaci\u00f3n que no es compleja para nada\u201d. \u201cSe ve mucha cantidad de casos. <strong>Se ve muchas sintomatolog\u00eda, pero no son casos graves<\/strong>, salvo que no est\u00e9n vacunados o salvo que tengan comorbilidades, como ya nos ense\u00f1ado de alguna manera esta esta enfermedad. As\u00ed que trabajando muy fuertemente en eso, en estar testeando todo lo m\u00e1s que se pueda\u201d, complet\u00f3.<\/p>\n<p>&nbsp;<\/p>\n<p><img data-recalc-dims=\"1\" loading=\"lazy\" decoding=\"async\" class=\"alignnone size-full wp-image-42982\" src=\"https:\/\/i0.wp.com\/cdnoticias.com\/wp-content\/uploads\/2022\/01\/hisopado-testeos-region-sanitaria-covid19.jpg?resize=800%2C445&#038;ssl=1\" alt=\"\" width=\"800\" height=\"445\" srcset=\"https:\/\/i0.wp.com\/cdnoticias.com\/wp-content\/uploads\/2022\/01\/hisopado-testeos-region-sanitaria-covid19.jpg?w=800&amp;ssl=1 800w, https:\/\/i0.wp.com\/cdnoticias.com\/wp-content\/uploads\/2022\/01\/hisopado-testeos-region-sanitaria-covid19.jpg?resize=300%2C167&amp;ssl=1 300w, https:\/\/i0.wp.com\/cdnoticias.com\/wp-content\/uploads\/2022\/01\/hisopado-testeos-region-sanitaria-covid19.jpg?resize=768%2C427&amp;ssl=1 768w\" sizes=\"auto, (max-width: 800px) 100vw, 800px\" \/><\/p>\n<p>&nbsp;<\/p>\n<p>A partir del marcado avance de casos una de las consultas que no pod\u00eda eludirse fue respecto a las fiestas, no s\u00f3lo las de fin de a\u00f1o sino tambi\u00e9n los eventos privados que se desarrollaron en los \u00faltimos d\u00edas y que contaron con una masiva afluencia. \u201cLas criticas siempre van a estar\u201d, se\u00f1al\u00f3 ante los cuestionamientos que pudieron verse en mayor n\u00famero a trav\u00e9s de las redes sociales. <strong>\u201cNo consideramos oportuno suspender una actividad que es b\u00e1sicamente para los j\u00f3venes\u201d, a\u00f1adi\u00f3.<\/strong><\/p>\n<p>&nbsp;<\/p>\n<p>En ese sentido, agreg\u00f3 que \u201cla verdad es que la mayor\u00eda est\u00e1n vacunados y no trae grandes complicaciones para la gente joven. \u00a0As\u00ed que <strong>realmente cre\u00edamos que no era oportuno suspender nada que tenga que ver con lo econ\u00f3mico tambi\u00e9n<\/strong>, porque la verdad es que cada una de las celebraciones traen movimiento econ\u00f3mico en la ciudad, traen trabajo para mucha gente. Y, por otro lado,<strong> los j\u00f3venes si no hubieran tenido esas fiestas hubieran encontrado la forma de celebrar y de encontrarse<\/strong>, ya sea en una quinta haciendo una fiesta clandestina o en el Parque Mitre o donde fuere, por lo cual la celebraci\u00f3n se iba a ser de todas maneras. Creo que al ser el aire libre tambi\u00e9n tra\u00eda una de alguna manera una cierta tranquilidad, porque el aire libre de los contactos son menores\u201d, continu\u00f3.<\/p>\n<p>&nbsp;<\/p>\n<p><img data-recalc-dims=\"1\" loading=\"lazy\" decoding=\"async\" class=\"alignnone size-large wp-image-38625\" src=\"https:\/\/i0.wp.com\/cdnoticias.com\/wp-content\/uploads\/2021\/11\/galli00.jpg?resize=800%2C445&#038;ssl=1\" alt=\"\" width=\"800\" height=\"445\" srcset=\"https:\/\/i0.wp.com\/cdnoticias.com\/wp-content\/uploads\/2021\/11\/galli00.jpg?resize=1024%2C569&amp;ssl=1 1024w, https:\/\/i0.wp.com\/cdnoticias.com\/wp-content\/uploads\/2021\/11\/galli00.jpg?resize=300%2C167&amp;ssl=1 300w, https:\/\/i0.wp.com\/cdnoticias.com\/wp-content\/uploads\/2021\/11\/galli00.jpg?resize=768%2C427&amp;ssl=1 768w, https:\/\/i0.wp.com\/cdnoticias.com\/wp-content\/uploads\/2021\/11\/galli00.jpg?resize=800%2C445&amp;ssl=1 800w, https:\/\/i0.wp.com\/cdnoticias.com\/wp-content\/uploads\/2021\/11\/galli00.jpg?w=1072&amp;ssl=1 1072w\" sizes=\"auto, (max-width: 800px) 100vw, 800px\" \/><\/p>\n<p>&nbsp;<\/p>\n<p>\u201cLa gente se iba a juntar. Sabemos que los j\u00f3venes ven\u00edan con una necesidad muy fuerte de tener celebraciones, de juntarse. <strong>Venimos de 2 a\u00f1os muy muy duros, de encierro muy largo. Entonces creo que tambi\u00e9n hay que hay que evaluar la situaci\u00f3n en un todo<\/strong>, no solamente en la cantidad de contagio que tenemos hoy\u201d, complet\u00f3 al respecto.<\/p>\n<p>&nbsp;<\/p>\n<p>Con respecto a las variantes, teniendo en cuenta el alto grado de contagiosidad que ha quedado de manifiesto en los \u00faltimos d\u00edas, el intendente se\u00f1al\u00f3 que <strong>\u201ccreemos que la variante \u00d3micron tambi\u00e9n esta circulando\u201d<\/strong>. \u201cNo tenemos la declaraci\u00f3n de certeza del programa Pa\u00eds, seguramente en las pr\u00f3ximas semanas tengamos esa certeza\u201d.<\/p>\n<p>&nbsp;<\/p>\n<p><img data-recalc-dims=\"1\" loading=\"lazy\" decoding=\"async\" class=\"alignnone size-full wp-image-12720\" src=\"https:\/\/i0.wp.com\/cdnoticias.com\/wp-content\/uploads\/2021\/02\/Galli2vac.jpeg?resize=800%2C571&#038;ssl=1\" alt=\"\" width=\"800\" height=\"571\" srcset=\"https:\/\/i0.wp.com\/cdnoticias.com\/wp-content\/uploads\/2021\/02\/Galli2vac.jpeg?w=958&amp;ssl=1 958w, https:\/\/i0.wp.com\/cdnoticias.com\/wp-content\/uploads\/2021\/02\/Galli2vac.jpeg?resize=300%2C214&amp;ssl=1 300w, https:\/\/i0.wp.com\/cdnoticias.com\/wp-content\/uploads\/2021\/02\/Galli2vac.jpeg?resize=768%2C548&amp;ssl=1 768w\" sizes=\"auto, (max-width: 800px) 100vw, 800px\" \/><\/p>\n<p>&nbsp;<\/p>\n<p>No obstante, lejos de llevar una preocupaci\u00f3n, tom\u00f3 como par\u00e1metro lo sucedido en otros puntos del mundo en cuanto a c\u00f3mo esta variante \u201cdur\u00f3 mucho menos\u201d. \u201cLo cual tambi\u00e9n podr\u00eda llegar a ser una buena noticia, porque lo que <strong>estamos viendo es que mucha gente se est\u00e1 contagiando, pero que la vacuna tiene un efecto positivo<\/strong> y la verdad que Argentina ha tenido un nivel de vacunaci\u00f3n muy alto en comparaci\u00f3n con otros pa\u00edses\u201d.<\/p>\n<p>&nbsp;<\/p>\n<p>\u201cPor eso siempre instamos a la gente que no se vacun\u00f3 que lo haga, a\u00a0 los que tienen una sola dosis que se sumen, que se acerque al centro de vacunaci\u00f3n. Porque <strong>realmente lo que hemos visto es que con la vacunaci\u00f3n esta ola no ha tenido un impacto fuerte en el sistema sanitario<\/strong>, que es lo que siempre nosotros tratamos de evitar, que haya un colapso\u201d, finaliz\u00f3.<\/p>\n","protected":false},"excerpt":{"rendered":"<p>En entrevista con Central Radio tambi\u00e9n habl\u00f3 sobre c\u00f3mo impacta la pandemia en el sistema sanitario local. \u201cCreemos que la<\/p>\n","protected":false},"author":3,"featured_media":34890,"comment_status":"closed","ping_status":"closed","sticky":false,"template":"","format":"standard","meta":{"_jetpack_memberships_contains_paid_content":false,"footnotes":""},"categories":[16,1],"tags":[],"class_list":["post-43064","post","type-post","status-publish","format-standard","has-post-thumbnail","hentry","category-covid-19","category-portada"],"jetpack_featured_media_url":"https:\/\/i0.wp.com\/cdnoticias.com\/wp-content\/uploads\/2021\/10\/Salud-Galli-Caputo-1024x682.jpg?fit=1024%2C682&ssl=1","jetpack_sharing_enabled":true,"_links":{"self":[{"href":"https:\/\/cdnoticias.com\/index.php\/wp-json\/wp\/v2\/posts\/43064","targetHints":{"allow":["GET"]}}],"collection":[{"href":"https:\/\/cdnoticias.com\/index.php\/wp-json\/wp\/v2\/posts"}],"about":[{"href":"https:\/\/cdnoticias.com\/index.php\/wp-json\/wp\/v2\/types\/post"}],"author":[{"embeddable":true,"href":"https:\/\/cdnoticias.com\/index.php\/wp-json\/wp\/v2\/users\/3"}],"replies":[{"embeddable":true,"href":"https:\/\/cdnoticias.com\/index.php\/wp-json\/wp\/v2\/comments?post=43064"}],"version-history":[{"count":0,"href":"https:\/\/cdnoticias.com\/index.php\/wp-json\/wp\/v2\/posts\/43064\/revisions"}],"wp:featuredmedia":[{"embeddable":true,"href":"https:\/\/cdnoticias.com\/index.php\/wp-json\/wp\/v2\/media\/34890"}],"wp:attachment":[{"href":"https:\/\/cdnoticias.com\/index.php\/wp-json\/wp\/v2\/media?parent=43064"}],"wp:term":[{"taxonomy":"category","embeddable":true,"href":"https:\/\/cdnoticias.com\/index.php\/wp-json\/wp\/v2\/categories?post=43064"},{"taxonomy":"post_tag","embeddable":true,"href":"https:\/\/cdnoticias.com\/index.php\/wp-json\/wp\/v2\/tags?post=43064"}],"curies":[{"name":"wp","href":"https:\/\/api.w.org\/{rel}","templated":true}]}}