{"id":43060,"date":"2022-01-03T19:50:57","date_gmt":"2022-01-03T22:50:57","guid":{"rendered":"http:\/\/www.centraldenoticias.com.ar\/?p=43060"},"modified":"2022-01-03T20:45:56","modified_gmt":"2022-01-03T23:45:56","slug":"galli-sobre-la-re-reeleccion-es-muy-prematuro-saber-si-uno-va-a-ser-candidato","status":"publish","type":"post","link":"https:\/\/cdnoticias.com\/index.php\/2022\/01\/03\/galli-sobre-la-re-reeleccion-es-muy-prematuro-saber-si-uno-va-a-ser-candidato\/","title":{"rendered":"Galli sobre la \u201cre reelecci\u00f3n\u201d: \u201cEs muy prematuro saber si uno va a ser candidato\u201d"},"content":{"rendered":"<p>En di\u00e1logo con Central Radio el intendente habl\u00f3 sobre la modificaci\u00f3n en la ley que restringe las reelecciones.<!--more--><\/p>\n<hr \/>\n<p>Este lunes se llev\u00f3 a cabo la primera emisi\u00f3n de <em><strong>Central Radio en Radio Sapiens (FM 102.7)<\/strong><\/em>, la nueva apuesta period\u00edstica de Central de Noticias. El programa se emite de lunes a viernes de 15 a 17 y esta jornada cont\u00f3 con una entrevista en vivo al intendente <strong>Ezequiel Galli, quien <a href=\"https:\/\/cdnoticias.com\/index.php\/2022\/01\/03\/galli-sobre-la-3-ola-de-covid19-hoy-estamos-en-una-situacion-que-no-es-compleja\/\" target=\"_blank\" rel=\"noopener\">habl\u00f3 de la pandemia<\/a>, proyectos y, entre otros temas, sobre la modificaci\u00f3n a la Ley que restringe las reeleciones<\/strong>.<\/p>\n<p>&nbsp;<\/p>\n<p><strong>\u201cUn poco m\u00e1s de certidumbre\u201d<\/strong>. De esa manera defini\u00f3 el jefe comunal olavarriense la reforma de lo que \u00e9l denomin\u00f3 como una \u201cfisura\u201d que ten\u00eda la Ley dictada durante la gesti\u00f3n de Mar\u00eda Eugenia Vidal en la gobernaci\u00f3n bonaerense. \u201c<strong>La verdad que es muy prematuro saber si uno va a ser candidato, pero s\u00ed hay la certidumbre de que en caso de ser necesario es posible\u201d<\/strong>, agreg\u00f3.<\/p>\n<p>&nbsp;<\/p>\n<p><iframe loading=\"lazy\" src=\"https:\/\/www.ivoox.com\/player_ej_80385779_6_1.html?c1=0b3c73\" width=\"100%\" height=\"200\" frameborder=\"0\" scrolling=\"no\" allowfullscreen=\"allowfullscreen\"><\/iframe><\/p>\n<p>&nbsp;<\/p>\n<p>En ese sentido, se\u00f1al\u00f3 que \u201ccreo que la interpretaci\u00f3n es lo que se ven\u00eda hablando mucho. La ley ten\u00eda una fisura a partir de su reglamentaci\u00f3n y habilitaba a muchos intendentes a poder ser candidatos eternamente, a pesar de haber querido legislar la prohibici\u00f3n de la relaci\u00f3n indefinida, por lo cual <strong>est\u00e1 correcci\u00f3n de la ley hace que por lo menos se sepa que a partir del 2027 no va a haber posibilidad de reelecciones\u201d.<\/strong><\/p>\n<p>&nbsp;<\/p>\n<blockquote><p><strong>\u201cSe le pone un l\u00edmite a esa fisura<\/strong> y a esta trampa que se le hab\u00eda encontrado la reglamentaci\u00f3n, as\u00ed que eso es la parte positiva\u201d.<\/p><\/blockquote>\n<p>&nbsp;<\/p>\n<p>A la par, reconoci\u00f3 que <strong>\u201cno es un momento en el que el vecino est\u00e9 pensando a ver si un intendente puede ser candidato nuevamente<\/strong>. Las cr\u00edticas en muchos de los casos han sido fundadas, pero bueno, se encontr\u00f3 un momento en la Legislatura, se llev\u00f3 adelante la modificaci\u00f3n de la ley y ahora hay que mirar para adelante\u201d, finaliz\u00f3 al respecto.<\/p>\n","protected":false},"excerpt":{"rendered":"<p>En di\u00e1logo con Central Radio el intendente habl\u00f3 sobre la modificaci\u00f3n en la ley que restringe las reelecciones.<\/p>\n","protected":false},"author":3,"featured_media":9341,"comment_status":"closed","ping_status":"closed","sticky":false,"template":"","format":"standard","meta":{"_jetpack_memberships_contains_paid_content":false,"footnotes":""},"categories":[4,1],"tags":[],"class_list":["post-43060","post","type-post","status-publish","format-standard","has-post-thumbnail","hentry","category-politica","category-portada"],"jetpack_featured_media_url":"https:\/\/i0.wp.com\/cdnoticias.com\/wp-content\/uploads\/2020\/12\/Ezequiel-Galli-Entrevista1.jpg?fit=1280%2C855&ssl=1","jetpack_sharing_enabled":true,"_links":{"self":[{"href":"https:\/\/cdnoticias.com\/index.php\/wp-json\/wp\/v2\/posts\/43060","targetHints":{"allow":["GET"]}}],"collection":[{"href":"https:\/\/cdnoticias.com\/index.php\/wp-json\/wp\/v2\/posts"}],"about":[{"href":"https:\/\/cdnoticias.com\/index.php\/wp-json\/wp\/v2\/types\/post"}],"author":[{"embeddable":true,"href":"https:\/\/cdnoticias.com\/index.php\/wp-json\/wp\/v2\/users\/3"}],"replies":[{"embeddable":true,"href":"https:\/\/cdnoticias.com\/index.php\/wp-json\/wp\/v2\/comments?post=43060"}],"version-history":[{"count":0,"href":"https:\/\/cdnoticias.com\/index.php\/wp-json\/wp\/v2\/posts\/43060\/revisions"}],"wp:featuredmedia":[{"embeddable":true,"href":"https:\/\/cdnoticias.com\/index.php\/wp-json\/wp\/v2\/media\/9341"}],"wp:attachment":[{"href":"https:\/\/cdnoticias.com\/index.php\/wp-json\/wp\/v2\/media?parent=43060"}],"wp:term":[{"taxonomy":"category","embeddable":true,"href":"https:\/\/cdnoticias.com\/index.php\/wp-json\/wp\/v2\/categories?post=43060"},{"taxonomy":"post_tag","embeddable":true,"href":"https:\/\/cdnoticias.com\/index.php\/wp-json\/wp\/v2\/tags?post=43060"}],"curies":[{"name":"wp","href":"https:\/\/api.w.org\/{rel}","templated":true}]}}