{"id":43038,"date":"2022-01-06T15:50:01","date_gmt":"2022-01-06T18:50:01","guid":{"rendered":"http:\/\/www.centraldenoticias.com.ar\/?p=43038"},"modified":"2022-01-06T15:50:01","modified_gmt":"2022-01-06T18:50:01","slug":"petroleo-en-las-costas-bonaerenses-ambientalistas-advierten-que-hay-mucho-riesgo","status":"publish","type":"post","link":"https:\/\/cdnoticias.com\/index.php\/2022\/01\/06\/petroleo-en-las-costas-bonaerenses-ambientalistas-advierten-que-hay-mucho-riesgo\/","title":{"rendered":"Petr\u00f3leo en las costas bonaerenses: ambientalistas advierten que hay \u201cmucho riesgo\u201d"},"content":{"rendered":"<div class=\"td_block_wrap tdb_single_subtitle tdi_72 td-pb-border-top td_block_template_1\" data-td-block-uid=\"tdi_72\">\n<div class=\"tdb-block-inner td-fix-index\">\n<p>Desde la organizaci\u00f3n Surfrider Argentina se mostraron en contra del avance. Ya hubo protestas.<\/p>\n<\/div>\n<\/div>\n<p><!--more--><\/p>\n<hr \/>\n<div class=\"td_block_wrap tdb_single_date tdi_73 td-pb-border-top td_block_template_1 tdb-post-meta\" data-td-block-uid=\"tdi_73\">\n<p>&nbsp;<\/p>\n<p>El <strong>director de la organizaci\u00f3n ambientalista Surfrider Argentina<\/strong>, <strong>Gustavo Huici<\/strong>, sostuvo <strong>que existe \u201cmucho riesgo\u201d<\/strong> en la idea de iniciar la <strong>explotaci\u00f3n petrolera cerca de las costas de Mar del Plata<\/strong>, decisi\u00f3n a partir de la cual ya se hubo<strong> algunas protestas<\/strong> en los distritos de mar.<\/p>\n<p>&nbsp;<\/p>\n<p>Huici indic\u00f3 que se trata de <strong>\u201cdecisiones estrat\u00e9gicas que van a afectar nuestra vida y la vida de las generaciones futuras sin consultarnos<\/strong>\u201d y consider\u00f3 que \u201cdonde se quieren instalar las plataformas son los lugares donde <strong>convive la mayor biodiversidad del oc\u00e9ano<\/strong>, el mayor corredor biol\u00f3gico\u201d.<\/p>\n<p>&nbsp;<\/p>\n<p>\u201c<strong>Hay muchos riesgos por los pocos beneficios que vamos a tener<\/strong>\u201d, sostuvo. Y advirti\u00f3 que un <strong>posible derrame de petr\u00f3leo<\/strong> \u201cescapar\u00eda al control humano y <strong>generar\u00eda p\u00e9rdidas en industrias como la pesca y el turismo<\/strong>\u201d. \u201cEstamos tratando de <strong>preservar nuestras costas,<\/strong> queremos que se deje al mar y a las costas tranquilas\u201d, agreg\u00f3.<\/p>\n<p>&nbsp;<\/p>\n<p><strong>El Gobierno autoriz\u00f3 la explotaci\u00f3n de petr\u00f3leo en tres zonas de la costa de Mar del Plata a fines de 2021<\/strong>, a trav\u00e9s de la resoluci\u00f3n 436\/2021 que cuenta con las firmas del presidente,<strong> Alberto Fern\u00e1ndez<\/strong>, el jefe de Gabinete, <strong>Juan Manzur<\/strong> y el ministro de Medio Ambiente, <strong>Juan Cabandie.<\/strong><\/p>\n<p>&nbsp;<\/p>\n<p>Por otra parte, <strong>Greenpeace Argentina impulsa una petici\u00f3n para \u201cfrenar el avance de la industria petrolera\u201d<\/strong> y <strong>\u201cdefender a todas las especies marinas<\/strong> de nuestra regi\u00f3n y nuestro futuro\u201d que cuenta con m\u00e1s de<strong> 100 mil firmas.<\/strong><\/p>\n<\/div>\n<p>&nbsp;<\/p>\n<p><em>Fuente: DIB<\/em><\/p>\n","protected":false},"excerpt":{"rendered":"<p>Desde la organizaci\u00f3n Surfrider Argentina se mostraron en contra del avance. Ya hubo protestas.<\/p>\n","protected":false},"author":6,"featured_media":43039,"comment_status":"closed","ping_status":"closed","sticky":false,"template":"","format":"standard","meta":{"_jetpack_memberships_contains_paid_content":false,"footnotes":""},"categories":[6,1],"tags":[],"class_list":["post-43038","post","type-post","status-publish","format-standard","has-post-thumbnail","hentry","category-nacionales","category-portada"],"jetpack_featured_media_url":"https:\/\/i0.wp.com\/cdnoticias.com\/wp-content\/uploads\/2022\/01\/61afd7d497d0f.jpg?fit=900%2C565&ssl=1","jetpack_sharing_enabled":true,"_links":{"self":[{"href":"https:\/\/cdnoticias.com\/index.php\/wp-json\/wp\/v2\/posts\/43038","targetHints":{"allow":["GET"]}}],"collection":[{"href":"https:\/\/cdnoticias.com\/index.php\/wp-json\/wp\/v2\/posts"}],"about":[{"href":"https:\/\/cdnoticias.com\/index.php\/wp-json\/wp\/v2\/types\/post"}],"author":[{"embeddable":true,"href":"https:\/\/cdnoticias.com\/index.php\/wp-json\/wp\/v2\/users\/6"}],"replies":[{"embeddable":true,"href":"https:\/\/cdnoticias.com\/index.php\/wp-json\/wp\/v2\/comments?post=43038"}],"version-history":[{"count":0,"href":"https:\/\/cdnoticias.com\/index.php\/wp-json\/wp\/v2\/posts\/43038\/revisions"}],"wp:featuredmedia":[{"embeddable":true,"href":"https:\/\/cdnoticias.com\/index.php\/wp-json\/wp\/v2\/media\/43039"}],"wp:attachment":[{"href":"https:\/\/cdnoticias.com\/index.php\/wp-json\/wp\/v2\/media?parent=43038"}],"wp:term":[{"taxonomy":"category","embeddable":true,"href":"https:\/\/cdnoticias.com\/index.php\/wp-json\/wp\/v2\/categories?post=43038"},{"taxonomy":"post_tag","embeddable":true,"href":"https:\/\/cdnoticias.com\/index.php\/wp-json\/wp\/v2\/tags?post=43038"}],"curies":[{"name":"wp","href":"https:\/\/api.w.org\/{rel}","templated":true}]}}