{"id":43035,"date":"2022-01-05T10:51:12","date_gmt":"2022-01-05T13:51:12","guid":{"rendered":"http:\/\/www.centraldenoticias.com.ar\/?p=43035"},"modified":"2022-01-05T10:52:12","modified_gmt":"2022-01-05T13:52:12","slug":"verano-en-el-museo-de-las-ciencias-actividades-propuestas","status":"publish","type":"post","link":"https:\/\/cdnoticias.com\/index.php\/2022\/01\/05\/verano-en-el-museo-de-las-ciencias-actividades-propuestas\/","title":{"rendered":"Verano en el Museo de las Ciencias: actividades propuestas"},"content":{"rendered":"<p>El calendario de verano se basa en el conocimiento de los astros, el espacio, la naturaleza, la ciencia y la biodiversidad.<!--more--><\/p>\n<hr \/>\n<p>El <strong>Museo de las Ciencias<\/strong> presenta un <strong>calendario de variadas actividades<\/strong> a llevarse a cabo durante los <strong>meses de enero y febrero<\/strong>: propuestas l\u00fadicas y educativas para el entretenimiento de toda la familia.<\/p>\n<p>Cabe destacar que, asimismo, el Museo cuenta con un<strong> cronograma de actividades para todo el a\u00f1o<\/strong> y programaci\u00f3n espec\u00edfica para <strong>instituciones educativas.<\/strong><\/p>\n<p>El <strong>calendario de verano<\/strong> se basa en el <strong>conocimiento de los astros, el espacio, la naturaleza, la ciencia y la biodiversidad.<\/strong><\/p>\n<p>A continuaci\u00f3n, se detalla la <strong>programaci\u00f3n completa:<\/strong><\/p>\n<p><strong>\u2013 Giros Astron\u00f3micos<\/strong><\/p>\n<p><strong>Visualizaci\u00f3n del movimiento de los astros<\/strong> (Sol, Tierra y Luna) mediante una<strong> actividad l\u00fadica y art\u00edstica<\/strong>. Destinatarios: <strong>a partir de los 4 a\u00f1os.<\/strong> D\u00edas y horarios: <strong>14, 15 y 16 de enero<\/strong>; <strong>19:00 ; 4, 5 y 6 de febrero; 19:00.<\/strong><\/p>\n<p><strong>\u2013 Miremos el espacio<\/strong><\/p>\n<p><strong>Recorrida por el cielo nocturno de Olavarr\u00eda<\/strong>, conociendo planetas, constelaciones, estrellas y todo lo que se pueda visualizar en el d\u00eda establecido. Previa <strong>charla introductoria<\/strong> a cargo del <strong>astr\u00f3nomo aficionado Daniel Acosta<\/strong>. Destinatarios: <strong>p\u00fablico en general<\/strong>. D\u00edas y horarios: <strong>14, 15 y 16 de enero<\/strong>; <strong>20:00; 4, 5 y 6 de febrero; 20:00.<\/strong><\/p>\n<p><strong>\u2013 Naturaleza y ciencia en familia<\/strong><\/p>\n<p><strong>Recorrida por el parque y b\u00fasqueda de recursos naturales.<\/strong> Mediante la observaci\u00f3n se replicar\u00e1 el cuerpo humano, aplicando de una manera l\u00fadica, el conteo num\u00e9rico, figuras geom\u00e9tricas, tama\u00f1os y proporciones. Destinatarios: <strong>ni\u00f1os y ni\u00f1as, familia, p\u00fablico general<\/strong>. D\u00edas y horarios: <strong>21 y 22 de enero; 19:00; 18,19 y 20 de febrero; 19:00.<\/strong> Se <strong>suspende por lluvia.<\/strong><\/p>\n<p><strong>\u2013 Juguemos en familia<\/strong><\/p>\n<p><strong>Taller<\/strong> pensado para que grandes y chicos se re\u00fanan para <strong>construir sus propios juegos de mesa<\/strong>, divertirse, pasar una jornada diferente, generando de esa manera un espacio de encuentro. Destinatarios: <strong>p\u00fablico en general<\/strong>. D\u00edas y horarios:<strong> 7, 8 y 9 de enero; 19:00 11, 12 y 13 de febrero; 19:00<\/strong><\/p>\n<p><strong>\u00a0<\/strong><strong>\u2013 Biodiversidad urbana<\/strong><\/p>\n<p>Mediante una actividad de observaci\u00f3n, reconocimiento e indagaci\u00f3n <strong>se evaluar\u00e1 un ecosistema urbano<\/strong>, analizando causas y consecuencias de las <strong>p\u00e9rdidas de biodiversidad en su territorio.<\/strong> Se realizar\u00e1 una ilustraci\u00f3n colectiva, de un ambiente sostenible y uno degradado. Destinatarios: <strong>ni\u00f1os y ni\u00f1as entre 8 y 12 a\u00f1os<\/strong>. D\u00edas y horarios: <strong>28, 29 y 30 de enero; 19:00; 4, 5 y 6 de febrero; 19:00.<\/strong><\/p>\n<p><strong>\u2013 Sendero Ancestral<\/strong><\/p>\n<p>Mediante un<strong> recorrido guiado en el parque del Museo<\/strong> se conocer\u00e1<strong> c\u00f3mo viv\u00edan los primeros habitantes de nuestra regi\u00f3n,<\/strong> utilizando los <strong>conocimientos cient\u00edficos<\/strong> que aporta la <strong>arqueolog\u00eda y la paleontolog\u00eda<\/strong>: ciencias que nos ayudan a \u201cleer\u201d la tierra, donde se esconden rastros de la maravillosa y milenaria historia de nuestra ciudad. Destinatarios: de entre <strong>8 y 13 a\u00f1os<\/strong> (<strong>cupo limitado de 15 participantes<\/strong> por turno). D\u00edas y horarios: <strong>21,22 y 23 de enero<\/strong> \u2013 <strong>19:00 ; 18,19 y 20 de febrero \u2013 19:00.<\/strong><\/p>\n","protected":false},"excerpt":{"rendered":"<p>El calendario de verano se basa en el conocimiento de los astros, el espacio, la naturaleza, la ciencia y la<\/p>\n","protected":false},"author":6,"featured_media":43036,"comment_status":"closed","ping_status":"closed","sticky":false,"template":"","format":"standard","meta":{"_jetpack_memberships_contains_paid_content":false,"footnotes":""},"categories":[9,1],"tags":[],"class_list":["post-43035","post","type-post","status-publish","format-standard","has-post-thumbnail","hentry","category-cultura","category-portada"],"jetpack_featured_media_url":"https:\/\/i0.wp.com\/cdnoticias.com\/wp-content\/uploads\/2022\/01\/Cultura-Frente-Museo-Ciencias-2-1024x683.jpg?fit=1024%2C683&ssl=1","jetpack_sharing_enabled":true,"_links":{"self":[{"href":"https:\/\/cdnoticias.com\/index.php\/wp-json\/wp\/v2\/posts\/43035","targetHints":{"allow":["GET"]}}],"collection":[{"href":"https:\/\/cdnoticias.com\/index.php\/wp-json\/wp\/v2\/posts"}],"about":[{"href":"https:\/\/cdnoticias.com\/index.php\/wp-json\/wp\/v2\/types\/post"}],"author":[{"embeddable":true,"href":"https:\/\/cdnoticias.com\/index.php\/wp-json\/wp\/v2\/users\/6"}],"replies":[{"embeddable":true,"href":"https:\/\/cdnoticias.com\/index.php\/wp-json\/wp\/v2\/comments?post=43035"}],"version-history":[{"count":0,"href":"https:\/\/cdnoticias.com\/index.php\/wp-json\/wp\/v2\/posts\/43035\/revisions"}],"wp:featuredmedia":[{"embeddable":true,"href":"https:\/\/cdnoticias.com\/index.php\/wp-json\/wp\/v2\/media\/43036"}],"wp:attachment":[{"href":"https:\/\/cdnoticias.com\/index.php\/wp-json\/wp\/v2\/media?parent=43035"}],"wp:term":[{"taxonomy":"category","embeddable":true,"href":"https:\/\/cdnoticias.com\/index.php\/wp-json\/wp\/v2\/categories?post=43035"},{"taxonomy":"post_tag","embeddable":true,"href":"https:\/\/cdnoticias.com\/index.php\/wp-json\/wp\/v2\/tags?post=43035"}],"curies":[{"name":"wp","href":"https:\/\/api.w.org\/{rel}","templated":true}]}}