{"id":43023,"date":"2022-01-03T10:42:11","date_gmt":"2022-01-03T13:42:11","guid":{"rendered":"http:\/\/www.centraldenoticias.com.ar\/?p=43023"},"modified":"2022-01-03T12:30:54","modified_gmt":"2022-01-03T15:30:54","slug":"covid-la-mitad-de-quienes-se-testearon-el-domingo-dieron-positivo","status":"publish","type":"post","link":"https:\/\/cdnoticias.com\/index.php\/2022\/01\/03\/covid-la-mitad-de-quienes-se-testearon-el-domingo-dieron-positivo\/","title":{"rendered":"Covid: la mitad de quienes se testearon el domingo dieron positivo"},"content":{"rendered":"<p>As\u00ed lo confirm\u00f3 el titular de la Regi\u00f3n Sanitaria IX a Central de Noticias sobre el primer d\u00eda del a\u00f1o con hisopados. Este lunes, nuevamente, largas colas en los puntos de testeos.<!--more--><\/p>\n<hr \/>\n<p><a href=\"https:\/\/cdnoticias.com\/index.php\/2022\/01\/02\/mas-de-250-personas-se-hisoparon-este-domingo-en-el-parque-mitre\/\" target=\"_blank\" rel=\"noopener\">Tal como inform\u00f3 Central de Noticias<\/a>, una extensa fila de personas se form\u00f3 en el Parque Senador O. Lara este domingo en lo que fue <strong>el primer d\u00eda del a\u00f1o con hisopados para detectar casos de Covid.<\/strong><\/p>\n<p>&nbsp;<\/p>\n<p>En ese sentido, <strong>desde la Regi\u00f3n Sanitaria IX<\/strong>, que organiz\u00f3 el operativo, se detall\u00f3 que <strong>253 personas concurrieron a las carpas dispuestas en el sector del monumento a San Mart\u00edn<\/strong>: todos presentaron s\u00edntomas de Covid o eran contactos de quienes ya hab\u00edan dado positivo.<\/p>\n<p>&nbsp;<\/p>\n<p><img data-recalc-dims=\"1\" loading=\"lazy\" decoding=\"async\" class=\"aligncenter wp-image-36925 size-full\" src=\"https:\/\/i0.wp.com\/cdnoticias.com\/wp-content\/uploads\/2021\/10\/vacunacion-itinerante-borzi-00.jpg?resize=800%2C445&#038;ssl=1\" alt=\"\" width=\"800\" height=\"445\" srcset=\"https:\/\/i0.wp.com\/cdnoticias.com\/wp-content\/uploads\/2021\/10\/vacunacion-itinerante-borzi-00.jpg?w=800&amp;ssl=1 800w, https:\/\/i0.wp.com\/cdnoticias.com\/wp-content\/uploads\/2021\/10\/vacunacion-itinerante-borzi-00.jpg?resize=300%2C167&amp;ssl=1 300w, https:\/\/i0.wp.com\/cdnoticias.com\/wp-content\/uploads\/2021\/10\/vacunacion-itinerante-borzi-00.jpg?resize=768%2C427&amp;ssl=1 768w\" sizes=\"auto, (max-width: 800px) 100vw, 800px\" \/><\/p>\n<p>&nbsp;<\/p>\n<blockquote><p>En cuanto a los resultados, el titular de la Regi\u00f3n IX, Ramiro Borzi, indic\u00f3 que la mitad de los testeados fue confirmado como contagiado: &#8220;126 personas dieron positivo en el testeo&#8221;.<\/p><\/blockquote>\n<p>&nbsp;<\/p>\n<p>En tanto, cabe se\u00f1alar que<strong> este lunes nuevamente se observaron largas colas de personas para testearse tanto en el M\u00f3dulo RTA del Hospital municipal como en el Centro Provincial de El Fort\u00edn<\/strong>.<\/p>\n","protected":false},"excerpt":{"rendered":"<p>As\u00ed lo confirm\u00f3 el titular de la Regi\u00f3n Sanitaria IX a Central de Noticias sobre el primer d\u00eda del a\u00f1o<\/p>\n","protected":false},"author":4,"featured_media":42974,"comment_status":"closed","ping_status":"closed","sticky":false,"template":"","format":"standard","meta":{"_jetpack_memberships_contains_paid_content":false,"footnotes":""},"categories":[16,1],"tags":[],"class_list":["post-43023","post","type-post","status-publish","format-standard","has-post-thumbnail","hentry","category-covid-19","category-portada"],"jetpack_featured_media_url":"https:\/\/i0.wp.com\/cdnoticias.com\/wp-content\/uploads\/2022\/01\/hisopado-testeos-region-sanitaria-covid19-03.jpg?fit=800%2C445&ssl=1","jetpack_sharing_enabled":true,"_links":{"self":[{"href":"https:\/\/cdnoticias.com\/index.php\/wp-json\/wp\/v2\/posts\/43023","targetHints":{"allow":["GET"]}}],"collection":[{"href":"https:\/\/cdnoticias.com\/index.php\/wp-json\/wp\/v2\/posts"}],"about":[{"href":"https:\/\/cdnoticias.com\/index.php\/wp-json\/wp\/v2\/types\/post"}],"author":[{"embeddable":true,"href":"https:\/\/cdnoticias.com\/index.php\/wp-json\/wp\/v2\/users\/4"}],"replies":[{"embeddable":true,"href":"https:\/\/cdnoticias.com\/index.php\/wp-json\/wp\/v2\/comments?post=43023"}],"version-history":[{"count":0,"href":"https:\/\/cdnoticias.com\/index.php\/wp-json\/wp\/v2\/posts\/43023\/revisions"}],"wp:featuredmedia":[{"embeddable":true,"href":"https:\/\/cdnoticias.com\/index.php\/wp-json\/wp\/v2\/media\/42974"}],"wp:attachment":[{"href":"https:\/\/cdnoticias.com\/index.php\/wp-json\/wp\/v2\/media?parent=43023"}],"wp:term":[{"taxonomy":"category","embeddable":true,"href":"https:\/\/cdnoticias.com\/index.php\/wp-json\/wp\/v2\/categories?post=43023"},{"taxonomy":"post_tag","embeddable":true,"href":"https:\/\/cdnoticias.com\/index.php\/wp-json\/wp\/v2\/tags?post=43023"}],"curies":[{"name":"wp","href":"https:\/\/api.w.org\/{rel}","templated":true}]}}