{"id":43006,"date":"2022-01-02T19:02:44","date_gmt":"2022-01-02T22:02:44","guid":{"rendered":"http:\/\/www.centraldenoticias.com.ar\/?p=43006"},"modified":"2022-01-02T21:16:40","modified_gmt":"2022-01-03T00:16:40","slug":"como-va-a-estar-el-tiempo-en-la-primera-semana-del-2022","status":"publish","type":"post","link":"https:\/\/cdnoticias.com\/index.php\/2022\/01\/02\/como-va-a-estar-el-tiempo-en-la-primera-semana-del-2022\/","title":{"rendered":"C\u00f3mo va a estar el tiempo en el inicio de la primera semana del 2022"},"content":{"rendered":"<p>Tras un fin de semana en el que el calor se hizo sentir y mucho, c\u00f3mo seguir\u00e1 el tiempo en el reinicio de las actividades tras las fiestas de fin de a\u00f1o.<!--more--><\/p>\n<hr \/>\n<p><strong>S\u00ed, ya estamos en el 2022<\/strong>. Pasaron las fiestas y el nuevo a\u00f1o comienza a dar sus primeros pasos. En materia clim\u00e1tica el calor se hizo sentir y, si bien estaban pronosticadas, no se dieron las lluvias que algunos aguardaban para aplacar las altas temperaturas que de manera holgada superaron los 30\u00b0.<\/p>\n<p>&nbsp;<\/p>\n<p>Ahora, ya en el reinicio de las actividades, resta saber c\u00f3mo seguir\u00e1 el tiempo. <strong>\u00bfSeguir\u00e1 caluroso? \u00bfse dar\u00e1n las anunciadas lluvias? Las respuestas a continuaci\u00f3n.<\/strong><\/p>\n<p>&nbsp;<\/p>\n<p><strong>Para este lunes el pron\u00f3stico del Servicio Meteorol\u00f3gico Nacional da cuento de un inicio algo ventoso<\/strong>, con r\u00e1fagas que podr\u00edan ser cercanas a los 50 km\/h. Con el arribo de la ma\u00f1ana cesar\u00e1 el viento y la temperatura trepar\u00e1 hasta los 24\u00b0.<\/p>\n<p>&nbsp;<\/p>\n<p><strong>Para la tarde la m\u00e1xima fue estimada en 32\u00b0<\/strong>, mientras que para la noche la temperatura bajar\u00e1 hasta los 25\u00b0, configurando un cierre de jornada m\u00e1s que agradable.<\/p>\n<p>&nbsp;<\/p>\n<p>En lo que refiere al martes ser\u00e1 bastante similar. Los vientos se registrar\u00e1n durante la mayor parte de la jornada, pero se prev\u00e9 que igualmente la temperatura trepe hasta los 30\u00b0. <strong>Afortunadamente para el inicio de la semana no se prev\u00e9n precipitaciones.<\/strong><\/p>\n","protected":false},"excerpt":{"rendered":"<p>Tras un fin de semana en el que el calor se hizo sentir y mucho, c\u00f3mo seguir\u00e1 el tiempo en<\/p>\n","protected":false},"author":3,"featured_media":11876,"comment_status":"closed","ping_status":"closed","sticky":false,"template":"","format":"standard","meta":{"_jetpack_memberships_contains_paid_content":false,"footnotes":""},"categories":[5,1],"tags":[],"class_list":["post-43006","post","type-post","status-publish","format-standard","has-post-thumbnail","hentry","category-informacion-general","category-portada"],"jetpack_featured_media_url":"https:\/\/i0.wp.com\/cdnoticias.com\/wp-content\/uploads\/2021\/01\/olavarria02.jpg?fit=846%2C500&ssl=1","jetpack_sharing_enabled":true,"_links":{"self":[{"href":"https:\/\/cdnoticias.com\/index.php\/wp-json\/wp\/v2\/posts\/43006","targetHints":{"allow":["GET"]}}],"collection":[{"href":"https:\/\/cdnoticias.com\/index.php\/wp-json\/wp\/v2\/posts"}],"about":[{"href":"https:\/\/cdnoticias.com\/index.php\/wp-json\/wp\/v2\/types\/post"}],"author":[{"embeddable":true,"href":"https:\/\/cdnoticias.com\/index.php\/wp-json\/wp\/v2\/users\/3"}],"replies":[{"embeddable":true,"href":"https:\/\/cdnoticias.com\/index.php\/wp-json\/wp\/v2\/comments?post=43006"}],"version-history":[{"count":0,"href":"https:\/\/cdnoticias.com\/index.php\/wp-json\/wp\/v2\/posts\/43006\/revisions"}],"wp:featuredmedia":[{"embeddable":true,"href":"https:\/\/cdnoticias.com\/index.php\/wp-json\/wp\/v2\/media\/11876"}],"wp:attachment":[{"href":"https:\/\/cdnoticias.com\/index.php\/wp-json\/wp\/v2\/media?parent=43006"}],"wp:term":[{"taxonomy":"category","embeddable":true,"href":"https:\/\/cdnoticias.com\/index.php\/wp-json\/wp\/v2\/categories?post=43006"},{"taxonomy":"post_tag","embeddable":true,"href":"https:\/\/cdnoticias.com\/index.php\/wp-json\/wp\/v2\/tags?post=43006"}],"curies":[{"name":"wp","href":"https:\/\/api.w.org\/{rel}","templated":true}]}}