{"id":43001,"date":"2022-01-02T14:19:32","date_gmt":"2022-01-02T17:19:32","guid":{"rendered":"http:\/\/www.centraldenoticias.com.ar\/?p=43001"},"modified":"2022-01-02T14:19:32","modified_gmt":"2022-01-02T17:19:32","slug":"ismael-felix-perez-negro-q-e-p-d","status":"publish","type":"post","link":"https:\/\/cdnoticias.com\/index.php\/2022\/01\/02\/ismael-felix-perez-negro-q-e-p-d\/","title":{"rendered":"Ismael F\u00e9lix P\u00e9rez &#8220;Negro&#8221; (Q.E.P.D.)"},"content":{"rendered":"<p>Falleci\u00f3 en Olavarr\u00eda el d\u00eda 2 de enero de 2022 a los 72 a\u00f1os\u00a0de edad.<\/p>\n<p>Su hermano N\u00e9stor; su hermana pol\u00edtica Mar\u00eda; sus t\u00edos: Luis y Eva; sus\u00a0sobrinos: Lorena, Mariano y Luciana; sus sobrinos pol\u00edticos: Ricardo,\u00a0Lucrecia y dem\u00e1s deudos participan su fallecimiento.<\/p>\n<p>No se realizar\u00e1 velatorio. Sus restos ser\u00e1n cremados en fecha a confirmar. Servicio adherido a Coopelectric.<\/p>\n<p>Nacido en Olavarr\u00eda. Vecino del barrio Luj\u00e1n, jubilado.<\/p>\n","protected":false},"excerpt":{"rendered":"<p>Falleci\u00f3 en Olavarr\u00eda el d\u00eda 2 de enero de 2022 a los 72 a\u00f1os\u00a0de edad. Su hermano N\u00e9stor; su hermana<\/p>\n","protected":false},"author":3,"featured_media":0,"comment_status":"closed","ping_status":"closed","sticky":false,"template":"","format":"standard","meta":{"_jetpack_memberships_contains_paid_content":false,"footnotes":""},"categories":[10],"tags":[],"class_list":["post-43001","post","type-post","status-publish","format-standard","hentry","category-necrologicas"],"jetpack_featured_media_url":"","jetpack_sharing_enabled":true,"_links":{"self":[{"href":"https:\/\/cdnoticias.com\/index.php\/wp-json\/wp\/v2\/posts\/43001","targetHints":{"allow":["GET"]}}],"collection":[{"href":"https:\/\/cdnoticias.com\/index.php\/wp-json\/wp\/v2\/posts"}],"about":[{"href":"https:\/\/cdnoticias.com\/index.php\/wp-json\/wp\/v2\/types\/post"}],"author":[{"embeddable":true,"href":"https:\/\/cdnoticias.com\/index.php\/wp-json\/wp\/v2\/users\/3"}],"replies":[{"embeddable":true,"href":"https:\/\/cdnoticias.com\/index.php\/wp-json\/wp\/v2\/comments?post=43001"}],"version-history":[{"count":0,"href":"https:\/\/cdnoticias.com\/index.php\/wp-json\/wp\/v2\/posts\/43001\/revisions"}],"wp:attachment":[{"href":"https:\/\/cdnoticias.com\/index.php\/wp-json\/wp\/v2\/media?parent=43001"}],"wp:term":[{"taxonomy":"category","embeddable":true,"href":"https:\/\/cdnoticias.com\/index.php\/wp-json\/wp\/v2\/categories?post=43001"},{"taxonomy":"post_tag","embeddable":true,"href":"https:\/\/cdnoticias.com\/index.php\/wp-json\/wp\/v2\/tags?post=43001"}],"curies":[{"name":"wp","href":"https:\/\/api.w.org\/{rel}","templated":true}]}}