{"id":42966,"date":"2022-01-02T08:42:41","date_gmt":"2022-01-02T11:42:41","guid":{"rendered":"http:\/\/www.centraldenoticias.com.ar\/?p=42966"},"modified":"2022-01-02T08:42:41","modified_gmt":"2022-01-02T11:42:41","slug":"enrique-jacobo-carballo-q-e-p-d","status":"publish","type":"post","link":"https:\/\/cdnoticias.com\/index.php\/2022\/01\/02\/enrique-jacobo-carballo-q-e-p-d\/","title":{"rendered":"Enrique Jacobo Carballo (Q.E.P.D.)"},"content":{"rendered":"<p>Falleci\u00f3 en Olavarr\u00eda el d\u00eda 1 de Enero de 2022 a los 93 a\u00f1os de edad.<\/p>\n<p>Su esposa Liliana Rodr\u00edguez, su\u00a0hijo Gustavo Enrique Carballo, su nuera Anal\u00eda Sim\u00f3n, sus nietos Agust\u00edn y Yanina y dem\u00e1s deudos participan de su fallecimiento.<\/p>\n<p>&nbsp;<\/p>\n<p>No se realizar\u00e1 velatorio. Sus restos ser\u00e1n inhumados este domingo desde las 10:30 en el cementerio municipal de Hinojo. Servicio adherido a Coopelectric.<\/p>\n<p>Vecino de Hinojo.\u00a0Jubilado y Pensionado<\/p>\n","protected":false},"excerpt":{"rendered":"<p>Falleci\u00f3 en Olavarr\u00eda el d\u00eda 1 de Enero de 2022 a los 93 a\u00f1os de edad. Su esposa Liliana Rodr\u00edguez,<\/p>\n","protected":false},"author":3,"featured_media":0,"comment_status":"closed","ping_status":"closed","sticky":false,"template":"","format":"standard","meta":{"_jetpack_memberships_contains_paid_content":false,"footnotes":""},"categories":[10],"tags":[],"class_list":["post-42966","post","type-post","status-publish","format-standard","hentry","category-necrologicas"],"jetpack_featured_media_url":"","jetpack_sharing_enabled":true,"_links":{"self":[{"href":"https:\/\/cdnoticias.com\/index.php\/wp-json\/wp\/v2\/posts\/42966","targetHints":{"allow":["GET"]}}],"collection":[{"href":"https:\/\/cdnoticias.com\/index.php\/wp-json\/wp\/v2\/posts"}],"about":[{"href":"https:\/\/cdnoticias.com\/index.php\/wp-json\/wp\/v2\/types\/post"}],"author":[{"embeddable":true,"href":"https:\/\/cdnoticias.com\/index.php\/wp-json\/wp\/v2\/users\/3"}],"replies":[{"embeddable":true,"href":"https:\/\/cdnoticias.com\/index.php\/wp-json\/wp\/v2\/comments?post=42966"}],"version-history":[{"count":0,"href":"https:\/\/cdnoticias.com\/index.php\/wp-json\/wp\/v2\/posts\/42966\/revisions"}],"wp:attachment":[{"href":"https:\/\/cdnoticias.com\/index.php\/wp-json\/wp\/v2\/media?parent=42966"}],"wp:term":[{"taxonomy":"category","embeddable":true,"href":"https:\/\/cdnoticias.com\/index.php\/wp-json\/wp\/v2\/categories?post=42966"},{"taxonomy":"post_tag","embeddable":true,"href":"https:\/\/cdnoticias.com\/index.php\/wp-json\/wp\/v2\/tags?post=42966"}],"curies":[{"name":"wp","href":"https:\/\/api.w.org\/{rel}","templated":true}]}}