{"id":42897,"date":"2021-12-31T13:04:34","date_gmt":"2021-12-31T16:04:34","guid":{"rendered":"http:\/\/www.centraldenoticias.com.ar\/?p=42897"},"modified":"2021-12-31T15:21:22","modified_gmt":"2021-12-31T18:21:22","slug":"covid-otra-jornada-de-numerosos-testeos-en-olavarria","status":"publish","type":"post","link":"https:\/\/cdnoticias.com\/index.php\/2021\/12\/31\/covid-otra-jornada-de-numerosos-testeos-en-olavarria\/","title":{"rendered":"Covid: otra jornada de numerosos testeos en Olavarr\u00eda"},"content":{"rendered":"<p>En el centro provincial de El Fort\u00edn las colas se mantuvieron a lo largo de toda la ma\u00f1ana. Nueva atenci\u00f3n con hisopados itinerantes: el domingo en el Parque Senador Lara.<!--more--><\/p>\n<hr \/>\n<p>Este viernes por la ma\u00f1ana se desarroll\u00f3 una nueva jornada de testeos por coronavirus <strong>en el Club El Fort\u00edn donde se observaron largas colas hasta pasado el mediod\u00eda<\/strong>.<\/p>\n<p>&nbsp;<\/p>\n<p>El <strong>centro provincial que atiende personal de la Regi\u00f3n Sanitaria IX<\/strong> volvi\u00f3 a mostrarse como todos los d\u00edas de esta \u00faltima semana: <strong>masiva afluencia de vecinos para hacerse la prueba de contagio.\u00a0<\/strong><\/p>\n<p>&nbsp;<\/p>\n<p><img data-recalc-dims=\"1\" loading=\"lazy\" decoding=\"async\" class=\"alignnone size-full wp-image-42891\" src=\"https:\/\/i0.wp.com\/cdnoticias.com\/wp-content\/uploads\/2021\/12\/testeo-el-fortin-00.jpg?resize=800%2C445&#038;ssl=1\" alt=\"\" width=\"800\" height=\"445\" srcset=\"https:\/\/i0.wp.com\/cdnoticias.com\/wp-content\/uploads\/2021\/12\/testeo-el-fortin-00.jpg?w=800&amp;ssl=1 800w, https:\/\/i0.wp.com\/cdnoticias.com\/wp-content\/uploads\/2021\/12\/testeo-el-fortin-00.jpg?resize=300%2C167&amp;ssl=1 300w, https:\/\/i0.wp.com\/cdnoticias.com\/wp-content\/uploads\/2021\/12\/testeo-el-fortin-00.jpg?resize=768%2C427&amp;ssl=1 768w\" sizes=\"auto, (max-width: 800px) 100vw, 800px\" \/><\/p>\n<p>En esta oportunidad, <strong>los testeos se hicieron en un espacio preparado dentro de la cancha de f\u00fatbol<\/strong> del club.<\/p>\n<p>&nbsp;<\/p>\n<blockquote><p>El s\u00e1bado no habr\u00e1 atenci\u00f3n, pero el domingo se sumar\u00e1 un punto de hisopados itinerante inform\u00f3 la dependencia del Ministerio de Salud bonaerense: se har\u00e1n testeos en Brown y V\u00e9lez Sarsfield junto al monumento a San Mart\u00edn en el Parque Senador Lara de 9 a 12.<\/p><\/blockquote>\n<p>&nbsp;<\/p>\n<p><img data-recalc-dims=\"1\" loading=\"lazy\" decoding=\"async\" class=\"size-full wp-image-42894 aligncenter\" src=\"https:\/\/i0.wp.com\/cdnoticias.com\/wp-content\/uploads\/2021\/12\/testeo-el-fortin-03.jpg?resize=800%2C445&#038;ssl=1\" alt=\"\" width=\"800\" height=\"445\" srcset=\"https:\/\/i0.wp.com\/cdnoticias.com\/wp-content\/uploads\/2021\/12\/testeo-el-fortin-03.jpg?w=800&amp;ssl=1 800w, https:\/\/i0.wp.com\/cdnoticias.com\/wp-content\/uploads\/2021\/12\/testeo-el-fortin-03.jpg?resize=300%2C167&amp;ssl=1 300w, https:\/\/i0.wp.com\/cdnoticias.com\/wp-content\/uploads\/2021\/12\/testeo-el-fortin-03.jpg?resize=768%2C427&amp;ssl=1 768w\" sizes=\"auto, (max-width: 800px) 100vw, 800px\" \/><\/p>\n<p>&nbsp;<\/p>\n<p>En tanto, se record\u00f3 que el Centro Provincial de Testeos que funciona en las instalaciones del Club El Fort\u00edn (Urquiza 2980), <strong>atiende de lunes a viernes de 7 a 12<\/strong>.<\/p>\n<p>&nbsp;<\/p>\n<p>Cabe recordar que <strong>este jueves en este centro fueron atendidas 429 personas durante siete horas<\/strong>, tal como<a href=\"https:\/\/cdnoticias.com\/index.php\/2021\/12\/30\/ramiro-borzi-pidio-que-el-municipio-aumente-el-tiempo-de-atencion-para-testeos\/\" target=\"_blank\" rel=\"noopener\"> detall\u00f3 el titular de la Regi\u00f3n IX, Ramiro Borzi<\/a>, al tiempo que demand\u00f3 a los gobiernos municipales de los distritos que componen la Regi\u00f3n que <em>\u201cse unan a nuestra iniciativa de aumentar el tiempo de atenci\u00f3n para testeos, as\u00ed se evitan largas esperas y no queda ning\u00fan vecino sin ser evaluado\u201d<\/em>.<\/p>\n<p>&nbsp;<\/p>\n<p><img data-recalc-dims=\"1\" loading=\"lazy\" decoding=\"async\" class=\"size-full wp-image-42892 aligncenter\" src=\"https:\/\/i0.wp.com\/cdnoticias.com\/wp-content\/uploads\/2021\/12\/testeo-el-fortin-01.jpg?resize=800%2C445&#038;ssl=1\" alt=\"\" width=\"800\" height=\"445\" srcset=\"https:\/\/i0.wp.com\/cdnoticias.com\/wp-content\/uploads\/2021\/12\/testeo-el-fortin-01.jpg?w=800&amp;ssl=1 800w, https:\/\/i0.wp.com\/cdnoticias.com\/wp-content\/uploads\/2021\/12\/testeo-el-fortin-01.jpg?resize=300%2C167&amp;ssl=1 300w, https:\/\/i0.wp.com\/cdnoticias.com\/wp-content\/uploads\/2021\/12\/testeo-el-fortin-01.jpg?resize=768%2C427&amp;ssl=1 768w\" sizes=\"auto, (max-width: 800px) 100vw, 800px\" \/><\/p>\n<p>&nbsp;<\/p>\n<p>Seg\u00fan <a href=\"https:\/\/cdnoticias.com\/index.php\/2021\/12\/30\/otro-dia-de-suba-de-casos-casi-200-positivos-en-una-jornada\/\" target=\"_blank\" rel=\"noopener\">el informe oficial emitido por la Municipalidad de Olavarr\u00eda<\/a> este jueves,<strong> 549 personas transitan la enfermedad y de ellos tres permanecen internados<\/strong>.<\/p>\n<p>&nbsp;<\/p>\n<p>El <strong>aumento de casos positivos ha sido exponencial a lo largo de esta semana<\/strong> y es sostenido desde las \u00faltimas cuatro semanas.<\/p>\n<p>&nbsp;<\/p>\n","protected":false},"excerpt":{"rendered":"<p>En el centro provincial de El Fort\u00edn las colas se mantuvieron a lo largo de toda la ma\u00f1ana. Nueva atenci\u00f3n<\/p>\n","protected":false},"author":4,"featured_media":42893,"comment_status":"closed","ping_status":"closed","sticky":false,"template":"","format":"standard","meta":{"_jetpack_memberships_contains_paid_content":false,"footnotes":""},"categories":[16,1],"tags":[],"class_list":["post-42897","post","type-post","status-publish","format-standard","has-post-thumbnail","hentry","category-covid-19","category-portada"],"jetpack_featured_media_url":"https:\/\/i0.wp.com\/cdnoticias.com\/wp-content\/uploads\/2021\/12\/testeo-el-fortin-02.jpg?fit=800%2C445&ssl=1","jetpack_sharing_enabled":true,"_links":{"self":[{"href":"https:\/\/cdnoticias.com\/index.php\/wp-json\/wp\/v2\/posts\/42897","targetHints":{"allow":["GET"]}}],"collection":[{"href":"https:\/\/cdnoticias.com\/index.php\/wp-json\/wp\/v2\/posts"}],"about":[{"href":"https:\/\/cdnoticias.com\/index.php\/wp-json\/wp\/v2\/types\/post"}],"author":[{"embeddable":true,"href":"https:\/\/cdnoticias.com\/index.php\/wp-json\/wp\/v2\/users\/4"}],"replies":[{"embeddable":true,"href":"https:\/\/cdnoticias.com\/index.php\/wp-json\/wp\/v2\/comments?post=42897"}],"version-history":[{"count":0,"href":"https:\/\/cdnoticias.com\/index.php\/wp-json\/wp\/v2\/posts\/42897\/revisions"}],"wp:featuredmedia":[{"embeddable":true,"href":"https:\/\/cdnoticias.com\/index.php\/wp-json\/wp\/v2\/media\/42893"}],"wp:attachment":[{"href":"https:\/\/cdnoticias.com\/index.php\/wp-json\/wp\/v2\/media?parent=42897"}],"wp:term":[{"taxonomy":"category","embeddable":true,"href":"https:\/\/cdnoticias.com\/index.php\/wp-json\/wp\/v2\/categories?post=42897"},{"taxonomy":"post_tag","embeddable":true,"href":"https:\/\/cdnoticias.com\/index.php\/wp-json\/wp\/v2\/tags?post=42897"}],"curies":[{"name":"wp","href":"https:\/\/api.w.org\/{rel}","templated":true}]}}