{"id":42895,"date":"2021-12-31T12:40:10","date_gmt":"2021-12-31T15:40:10","guid":{"rendered":"http:\/\/www.centraldenoticias.com.ar\/?p=42895"},"modified":"2021-12-31T12:40:10","modified_gmt":"2021-12-31T15:40:10","slug":"este-jueves-se-vacunaron-mas-de-900-personas-contra-el-covid","status":"publish","type":"post","link":"https:\/\/cdnoticias.com\/index.php\/2021\/12\/31\/este-jueves-se-vacunaron-mas-de-900-personas-contra-el-covid\/","title":{"rendered":"Este jueves se vacunaron m\u00e1s de 900 personas contra el COVID"},"content":{"rendered":"<p>La Regi\u00f3n Sanitaria IX record\u00f3 que este viernes y s\u00e1bado no habr\u00e1 vacunaci\u00f3n. Se retoman las actividades el domingo.<!--more--><\/p>\n<hr \/>\n<p>En la jornada de <strong>este jueves<\/strong> se aplicaron 194 dosis contra el Covid-19 en ni\u00f1as y ni\u00f1os de 3 a 17 a\u00f1os y 652 inoculaciones de terceras dosis, sobre <strong>un total de 993 personas vacunadas en Olavarr\u00eda.<\/strong><\/p>\n<p>&nbsp;<\/p>\n<p>La Regi\u00f3n Sanitaria IX indic\u00f3 que<strong> en el Centro Cultural Universitario<\/strong> se realizaron 360 inoculaciones, <strong>en el Servicio Territorial N\u00b02<\/strong> se aplicaron 201 vacunas y <strong>en la Facultad de Ciencias de la Salud<\/strong> fueron 432 las personas vacunadas.<\/p>\n<p>&nbsp;<\/p>\n<p>A la par, <strong>se desarrolla la vacunaci\u00f3n libre de primeras y segundas dosis<\/strong> para mayores de 3 a\u00f1os, ya sean argentinos, argentinas y turistas extranjeros, en todas las postas sanitarias de la provincia.<\/p>\n<p>&nbsp;<\/p>\n<p><strong>Desde el jueves comenz\u00f3 la vacunaci\u00f3n libre de terceras dosis<\/strong> para mayores de 60 a\u00f1os, trabajadores de la salud e inmunodeprimidos.<\/p>\n<p>&nbsp;<\/p>\n<p><img data-recalc-dims=\"1\" loading=\"lazy\" decoding=\"async\" class=\"alignnone size-large wp-image-25492\" src=\"https:\/\/i0.wp.com\/cdnoticias.com\/wp-content\/uploads\/2021\/07\/WhatsApp-Image-2021-07-01-at-20.05.47.jpeg?resize=800%2C493&#038;ssl=1\" alt=\"\" width=\"800\" height=\"493\" srcset=\"https:\/\/i0.wp.com\/cdnoticias.com\/wp-content\/uploads\/2021\/07\/WhatsApp-Image-2021-07-01-at-20.05.47.jpeg?resize=1024%2C631&amp;ssl=1 1024w, https:\/\/i0.wp.com\/cdnoticias.com\/wp-content\/uploads\/2021\/07\/WhatsApp-Image-2021-07-01-at-20.05.47.jpeg?resize=300%2C185&amp;ssl=1 300w, https:\/\/i0.wp.com\/cdnoticias.com\/wp-content\/uploads\/2021\/07\/WhatsApp-Image-2021-07-01-at-20.05.47.jpeg?resize=768%2C473&amp;ssl=1 768w, https:\/\/i0.wp.com\/cdnoticias.com\/wp-content\/uploads\/2021\/07\/WhatsApp-Image-2021-07-01-at-20.05.47.jpeg?w=1280&amp;ssl=1 1280w\" sizes=\"auto, (max-width: 800px) 100vw, 800px\" \/><\/p>\n<p>&nbsp;<\/p>\n<p>Por \u00faltimo, se inform\u00f3 adem\u00e1s que <strong>rige el Pase Libre con Vacuna<\/strong> en la Provincia de Buenos Aires. Los responsables de actividades con alta concurrencia deber\u00e1n solicitar el certificado de vacunaci\u00f3n. Es el requisito de al menos dos dosis de la vacuna contra el Covid-19 que es necesario presentar si ten\u00e9s m\u00e1s de 13 a\u00f1os para poder asistir a algunas actividades en la provincia de Buenos Aires que pueden presentar mayor riesgo epidemiol\u00f3gico.<\/p>\n<p>&nbsp;<\/p>\n<p>No obstante, <strong>hasta el 28 de febrero<\/strong>, si una persona tiene la primera dosis y no se cumpli\u00f3 el tiempo m\u00ednimo interdosis (seis semanas) tambi\u00e9n puede acreditar el pase libre.<\/p>\n<p>&nbsp;<\/p>\n<p>Los que residan en la provincia de Buenos Aires <strong>podr\u00e1n acreditar las dosis<\/strong> de la vacuna con el <em>carnet en cart\u00f3n o tarjeta, en el portal mi.argentina.gob.ar y en las App VacunatePBA, Cuidar y MiArgentina.<\/em><\/p>\n","protected":false},"excerpt":{"rendered":"<p>La Regi\u00f3n Sanitaria IX record\u00f3 que este viernes y s\u00e1bado no habr\u00e1 vacunaci\u00f3n. Se retoman las actividades el domingo.<\/p>\n","protected":false},"author":4,"featured_media":33382,"comment_status":"closed","ping_status":"closed","sticky":false,"template":"","format":"standard","meta":{"_jetpack_memberships_contains_paid_content":false,"footnotes":""},"categories":[16,1],"tags":[],"class_list":["post-42895","post","type-post","status-publish","format-standard","has-post-thumbnail","hentry","category-covid-19","category-portada"],"jetpack_featured_media_url":"https:\/\/i0.wp.com\/cdnoticias.com\/wp-content\/uploads\/2021\/09\/DIB-vacunas-covid.jpg?fit=696%2C407&ssl=1","jetpack_sharing_enabled":true,"_links":{"self":[{"href":"https:\/\/cdnoticias.com\/index.php\/wp-json\/wp\/v2\/posts\/42895","targetHints":{"allow":["GET"]}}],"collection":[{"href":"https:\/\/cdnoticias.com\/index.php\/wp-json\/wp\/v2\/posts"}],"about":[{"href":"https:\/\/cdnoticias.com\/index.php\/wp-json\/wp\/v2\/types\/post"}],"author":[{"embeddable":true,"href":"https:\/\/cdnoticias.com\/index.php\/wp-json\/wp\/v2\/users\/4"}],"replies":[{"embeddable":true,"href":"https:\/\/cdnoticias.com\/index.php\/wp-json\/wp\/v2\/comments?post=42895"}],"version-history":[{"count":0,"href":"https:\/\/cdnoticias.com\/index.php\/wp-json\/wp\/v2\/posts\/42895\/revisions"}],"wp:featuredmedia":[{"embeddable":true,"href":"https:\/\/cdnoticias.com\/index.php\/wp-json\/wp\/v2\/media\/33382"}],"wp:attachment":[{"href":"https:\/\/cdnoticias.com\/index.php\/wp-json\/wp\/v2\/media?parent=42895"}],"wp:term":[{"taxonomy":"category","embeddable":true,"href":"https:\/\/cdnoticias.com\/index.php\/wp-json\/wp\/v2\/categories?post=42895"},{"taxonomy":"post_tag","embeddable":true,"href":"https:\/\/cdnoticias.com\/index.php\/wp-json\/wp\/v2\/tags?post=42895"}],"curies":[{"name":"wp","href":"https:\/\/api.w.org\/{rel}","templated":true}]}}