{"id":42881,"date":"2021-12-31T08:49:29","date_gmt":"2021-12-31T11:49:29","guid":{"rendered":"http:\/\/www.centraldenoticias.com.ar\/?p=42881"},"modified":"2021-12-31T08:49:29","modified_gmt":"2021-12-31T11:49:29","slug":"americo-noel-latapie-varon-q-e-p-d","status":"publish","type":"post","link":"https:\/\/cdnoticias.com\/index.php\/2021\/12\/31\/americo-noel-latapie-varon-q-e-p-d\/","title":{"rendered":"Am\u00e9rico Noel Latapie &#8220;Varon&#8221; (Q.E.P.D.)"},"content":{"rendered":"<p>&nbsp;<\/p>\n<p>Falleci\u00f3 en Olavarr\u00eda el d\u00eda 31 de diciembre de 2021 a los 92 a\u00f1os de edad.<\/p>\n<p>&nbsp;<\/p>\n<p>Su esposa Delma Gaviatti. Sus hijos Jose Am\u00e9rico, Marta y Noel Latapie. Sus hijos pol\u00edticos Luis Lemos, Sandra Pardo y Juana Rivero. Sus nietos Mauricio, Noelia, Andrea, Yanina, Abel, Agustina y Jose Maria Latapie. Sus nietos pol\u00edticos Paola Soledad Montenegro y Valeria Colombo. Sus bisnietos. Sus hermanos. Sus hermanos pol\u00edticos y dem\u00e1s deudos participan su fallecimiento.<\/p>\n<p>&nbsp;<\/p>\n<p>Velatorio: Espa\u00f1a 2942 departamento &#8220;B&#8221;. La sala se habilita a las 6:30 horas. Responso: Capilla Ardiente. Inhumaci\u00f3n: Cementerio Loma de Paz, viernes 31 de diciembre a las 10:30 horas. Servicio adherido a Coopelectric.<\/p>\n<p>&nbsp;<\/p>\n<p>Barrio en el que viv\u00eda: Vecino de Hinojo.<\/p>\n<p>&nbsp;<\/p>\n<p>Lugar de nacimiento: Nacido en Laprida.<\/p>\n<p>&nbsp;<\/p>\n<p>Actividad que desarrollaba: Jubilado Ferroviario<\/p>\n","protected":false},"excerpt":{"rendered":"<p>&nbsp; Falleci\u00f3 en Olavarr\u00eda el d\u00eda 31 de diciembre de 2021 a los 92 a\u00f1os de edad. &nbsp; Su esposa<\/p>\n","protected":false},"author":4,"featured_media":0,"comment_status":"closed","ping_status":"closed","sticky":false,"template":"","format":"standard","meta":{"_jetpack_memberships_contains_paid_content":false,"footnotes":""},"categories":[10],"tags":[],"class_list":["post-42881","post","type-post","status-publish","format-standard","hentry","category-necrologicas"],"jetpack_featured_media_url":"","jetpack_sharing_enabled":true,"_links":{"self":[{"href":"https:\/\/cdnoticias.com\/index.php\/wp-json\/wp\/v2\/posts\/42881","targetHints":{"allow":["GET"]}}],"collection":[{"href":"https:\/\/cdnoticias.com\/index.php\/wp-json\/wp\/v2\/posts"}],"about":[{"href":"https:\/\/cdnoticias.com\/index.php\/wp-json\/wp\/v2\/types\/post"}],"author":[{"embeddable":true,"href":"https:\/\/cdnoticias.com\/index.php\/wp-json\/wp\/v2\/users\/4"}],"replies":[{"embeddable":true,"href":"https:\/\/cdnoticias.com\/index.php\/wp-json\/wp\/v2\/comments?post=42881"}],"version-history":[{"count":0,"href":"https:\/\/cdnoticias.com\/index.php\/wp-json\/wp\/v2\/posts\/42881\/revisions"}],"wp:attachment":[{"href":"https:\/\/cdnoticias.com\/index.php\/wp-json\/wp\/v2\/media?parent=42881"}],"wp:term":[{"taxonomy":"category","embeddable":true,"href":"https:\/\/cdnoticias.com\/index.php\/wp-json\/wp\/v2\/categories?post=42881"},{"taxonomy":"post_tag","embeddable":true,"href":"https:\/\/cdnoticias.com\/index.php\/wp-json\/wp\/v2\/tags?post=42881"}],"curies":[{"name":"wp","href":"https:\/\/api.w.org\/{rel}","templated":true}]}}