{"id":42872,"date":"2021-12-30T21:04:01","date_gmt":"2021-12-31T00:04:01","guid":{"rendered":"http:\/\/www.centraldenoticias.com.ar\/?p=42872"},"modified":"2021-12-30T21:08:04","modified_gmt":"2021-12-31T00:08:04","slug":"ramiro-borzi-pidio-que-el-municipio-aumente-el-tiempo-de-atencion-para-testeos","status":"publish","type":"post","link":"https:\/\/cdnoticias.com\/index.php\/2021\/12\/30\/ramiro-borzi-pidio-que-el-municipio-aumente-el-tiempo-de-atencion-para-testeos\/","title":{"rendered":"Ramiro Borzi pidi\u00f3 que el municipio aumente el tiempo de atenci\u00f3n para testeos"},"content":{"rendered":"<p>El director de la Regi\u00f3n Sanitaria IX llam\u00f3 a redoblar los esfuerzos para obtener un diagn\u00f3stico temprano. Destac\u00f3 que el centro provincial de testeos este jueves atendi\u00f3 &#8220;durante m\u00e1s de siete horas&#8221;.\u00a0<!--more--><\/p>\n<hr \/>\n<p>El director de la<strong> Regi\u00f3n Sanitaria IX, Ramiro Borzi<\/strong>, expres\u00f3 a trav\u00e9s de redes sociales el pedido para que el Municipio aumente el tiempo de testeos, ante la <a href=\"https:\/\/cdnoticias.com\/index.php\/2021\/12\/30\/otro-dia-de-suba-de-casos-casi-200-positivos-en-una-jornada\/\" target=\"_blank\" rel=\"noopener\">gran cantidad de contagios<\/a> y la<a href=\"https:\/\/cdnoticias.com\/index.php\/2021\/12\/29\/nueva-jornada-de-largas-colas-para-testearse-por-covid\/\" target=\"_blank\" rel=\"noopener\"> creciente demanda<\/a> de personas que concurren a hisoparse.<\/p>\n<p>&nbsp;<\/p>\n<p><em>\u201cLa Regi\u00f3n Sanitaria est\u00e1 transitando el momento m\u00e1s acelerado en la ola de contagios de toda la pandemia. Esto lleva a tener un n\u00famero de<strong> testeos que triplican los d\u00edas de mayor demanda de la segunda ola<\/strong>\u201d<\/em>, resalt\u00f3 Borzi.<\/p>\n<p>&nbsp;<\/p>\n<p><iframe loading=\"lazy\" style=\"border: none; overflow: hidden;\" src=\"https:\/\/www.facebook.com\/plugins\/post.php?href=https%3A%2F%2Fwww.facebook.com%2Fpermalink.php%3Fstory_fbid%3D1902561293288125%26id%3D100006028186315&amp;show_text=true&amp;width=500\" width=\"500\" height=\"571\" frameborder=\"0\" scrolling=\"no\" allowfullscreen=\"allowfullscreen\"><\/iframe><\/p>\n<p>&nbsp;<\/p>\n<p>A su vez, ejemplific\u00f3 lo que ocurre en Olavarr\u00eda en el Centro Provincial que funciona en Club El Fort\u00edn, donde durante este jueves <em><strong>&#8220;atendi\u00f3 m\u00e1s de siete horas, hisopando a 429 personas\u201d.<\/strong><\/em><\/p>\n<p>&nbsp;<\/p>\n<p>El llamado de Borzi fue a <em>\u201credoblar los esfuerzos para llegar al diagn\u00f3stico temprano\u201d<\/em>. De esta forma, <strong>solicit\u00f3 a los gobiernos municipales que<em> \u201cse unan a nuestra iniciativa de aumentar el tiempo de atenci\u00f3n para testeos, as\u00ed se evitan largas esperas y no queda ning\u00fan vecino sin ser evaluado\u201d.<\/em><\/strong><\/p>\n<p>&nbsp;<\/p>\n<p>Por \u00faltimo, se recuerda que<strong> este viernes funcionar\u00e1 normalmente el Centro Provincial de Testeos en El Fort\u00edn<\/strong> (las personas que concurran a hisoparse podr\u00e1n realizar la espera dentro de la cancha del Club) y<strong> el domingo en Brown y V\u00e9lez Sarsfield junto al monumento a San Mart\u00edn.\u00a0<\/strong><\/p>\n","protected":false},"excerpt":{"rendered":"<p>El director de la Regi\u00f3n Sanitaria IX llam\u00f3 a redoblar los esfuerzos para obtener un diagn\u00f3stico temprano. Destac\u00f3 que el<\/p>\n","protected":false},"author":5,"featured_media":42687,"comment_status":"closed","ping_status":"closed","sticky":false,"template":"","format":"standard","meta":{"_jetpack_memberships_contains_paid_content":false,"footnotes":""},"categories":[16,1],"tags":[],"class_list":["post-42872","post","type-post","status-publish","format-standard","has-post-thumbnail","hentry","category-covid-19","category-portada"],"jetpack_featured_media_url":"https:\/\/i0.wp.com\/cdnoticias.com\/wp-content\/uploads\/2021\/12\/elfortin1.jpg?fit=1599%2C890&ssl=1","jetpack_sharing_enabled":true,"_links":{"self":[{"href":"https:\/\/cdnoticias.com\/index.php\/wp-json\/wp\/v2\/posts\/42872","targetHints":{"allow":["GET"]}}],"collection":[{"href":"https:\/\/cdnoticias.com\/index.php\/wp-json\/wp\/v2\/posts"}],"about":[{"href":"https:\/\/cdnoticias.com\/index.php\/wp-json\/wp\/v2\/types\/post"}],"author":[{"embeddable":true,"href":"https:\/\/cdnoticias.com\/index.php\/wp-json\/wp\/v2\/users\/5"}],"replies":[{"embeddable":true,"href":"https:\/\/cdnoticias.com\/index.php\/wp-json\/wp\/v2\/comments?post=42872"}],"version-history":[{"count":0,"href":"https:\/\/cdnoticias.com\/index.php\/wp-json\/wp\/v2\/posts\/42872\/revisions"}],"wp:featuredmedia":[{"embeddable":true,"href":"https:\/\/cdnoticias.com\/index.php\/wp-json\/wp\/v2\/media\/42687"}],"wp:attachment":[{"href":"https:\/\/cdnoticias.com\/index.php\/wp-json\/wp\/v2\/media?parent=42872"}],"wp:term":[{"taxonomy":"category","embeddable":true,"href":"https:\/\/cdnoticias.com\/index.php\/wp-json\/wp\/v2\/categories?post=42872"},{"taxonomy":"post_tag","embeddable":true,"href":"https:\/\/cdnoticias.com\/index.php\/wp-json\/wp\/v2\/tags?post=42872"}],"curies":[{"name":"wp","href":"https:\/\/api.w.org\/{rel}","templated":true}]}}