{"id":42848,"date":"2021-12-31T09:22:47","date_gmt":"2021-12-31T12:22:47","guid":{"rendered":"http:\/\/www.centraldenoticias.com.ar\/?p=42848"},"modified":"2021-12-31T09:24:19","modified_gmt":"2021-12-31T12:24:19","slug":"como-va-estar-el-tiempo-para-el-brindis-de-ano-nuevo","status":"publish","type":"post","link":"https:\/\/cdnoticias.com\/index.php\/2021\/12\/31\/como-va-estar-el-tiempo-para-el-brindis-de-ano-nuevo\/","title":{"rendered":"C\u00f3mo va estar el tiempo para el brindis de a\u00f1o nuevo"},"content":{"rendered":"<p>\u00bfSeguir\u00e1 el calor? \u00bfVolver\u00e1n las lluvias? \u00bfSe podr\u00e1 comer afuera? Todas las respuestas a continuaci\u00f3n.<!--more--><\/p>\n<hr \/>\n<p>El calor fue sin lugar a dudas el protagonista excluyente en materia clim\u00e1tica durante el cierre de a\u00f1o, al punto que<strong> en los \u00faltimos tres d\u00edas Olavarr\u00eda estuvo en zona de alerta \u201camarilla\u201d por las altas temperaturas<\/strong>. Ahora la pregunta obvia, \u00bfseguir\u00e1 as\u00ed durante el fin de semana? A continuaci\u00f3n, las respuestas.<\/p>\n<p>&nbsp;<\/p>\n<p>Para lo que resta de este jueves el tiempo seguir\u00e1 entre agradable y caluroso, con una temperatura de 23\u00b0 durante la noche. Lo positivo,<strong> no hay pron\u00f3stico de lluvias para el cierre de la jornada.<\/strong><\/p>\n<p>&nbsp;<\/p>\n<p><img data-recalc-dims=\"1\" loading=\"lazy\" decoding=\"async\" class=\"alignnone size-full wp-image-42850\" src=\"https:\/\/i0.wp.com\/cdnoticias.com\/wp-content\/uploads\/2021\/12\/pronostico.jpg?resize=793%2C314&#038;ssl=1\" alt=\"\" width=\"793\" height=\"314\" srcset=\"https:\/\/i0.wp.com\/cdnoticias.com\/wp-content\/uploads\/2021\/12\/pronostico.jpg?w=793&amp;ssl=1 793w, https:\/\/i0.wp.com\/cdnoticias.com\/wp-content\/uploads\/2021\/12\/pronostico.jpg?resize=300%2C119&amp;ssl=1 300w, https:\/\/i0.wp.com\/cdnoticias.com\/wp-content\/uploads\/2021\/12\/pronostico.jpg?resize=768%2C304&amp;ssl=1 768w\" sizes=\"auto, (max-width: 793px) 100vw, 793px\" \/><\/p>\n<p>&nbsp;<\/p>\n<p>Inclusive, para todo el 31 de diciembre no se anticipan precipitaciones, por lo que <strong>aquellas personas que ten\u00edan pensado comer afuera o hacer un asado en el patio o el exterior de la casa podr\u00e1n hacerlo.<\/strong><\/p>\n<p>&nbsp;<\/p>\n<p>La m\u00e1xima fue estimada en 31\u00b0, mientras que la m\u00ednima fue de 16\u00b0 durante la madrugada. A la par, no se anticipan fuertes vientos, inclusive al momento del brindis se anticipa casi imperceptible. Es m\u00e1s, <strong>para la noche se esperan 27\u00b0.<\/strong><\/p>\n<p>&nbsp;<\/p>\n<p><strong>Para el primer d\u00eda\u00a0 del 2022 se anticipa una m\u00e1xima 33\u00b0 y una m\u00ednima en los 16\u00b0.<\/strong> Adem\u00e1s, tampoco se prev\u00e9n lluvias.<\/p>\n","protected":false},"excerpt":{"rendered":"<p>\u00bfSeguir\u00e1 el calor? \u00bfVolver\u00e1n las lluvias? \u00bfSe podr\u00e1 comer afuera? Todas las respuestas a continuaci\u00f3n.<\/p>\n","protected":false},"author":4,"featured_media":34052,"comment_status":"closed","ping_status":"closed","sticky":false,"template":"","format":"standard","meta":{"_jetpack_memberships_contains_paid_content":false,"footnotes":""},"categories":[5,1],"tags":[],"class_list":["post-42848","post","type-post","status-publish","format-standard","has-post-thumbnail","hentry","category-informacion-general","category-portada"],"jetpack_featured_media_url":"https:\/\/i0.wp.com\/cdnoticias.com\/wp-content\/uploads\/2021\/09\/Olavarria.jpg?fit=800%2C445&ssl=1","jetpack_sharing_enabled":true,"_links":{"self":[{"href":"https:\/\/cdnoticias.com\/index.php\/wp-json\/wp\/v2\/posts\/42848","targetHints":{"allow":["GET"]}}],"collection":[{"href":"https:\/\/cdnoticias.com\/index.php\/wp-json\/wp\/v2\/posts"}],"about":[{"href":"https:\/\/cdnoticias.com\/index.php\/wp-json\/wp\/v2\/types\/post"}],"author":[{"embeddable":true,"href":"https:\/\/cdnoticias.com\/index.php\/wp-json\/wp\/v2\/users\/4"}],"replies":[{"embeddable":true,"href":"https:\/\/cdnoticias.com\/index.php\/wp-json\/wp\/v2\/comments?post=42848"}],"version-history":[{"count":0,"href":"https:\/\/cdnoticias.com\/index.php\/wp-json\/wp\/v2\/posts\/42848\/revisions"}],"wp:featuredmedia":[{"embeddable":true,"href":"https:\/\/cdnoticias.com\/index.php\/wp-json\/wp\/v2\/media\/34052"}],"wp:attachment":[{"href":"https:\/\/cdnoticias.com\/index.php\/wp-json\/wp\/v2\/media?parent=42848"}],"wp:term":[{"taxonomy":"category","embeddable":true,"href":"https:\/\/cdnoticias.com\/index.php\/wp-json\/wp\/v2\/categories?post=42848"},{"taxonomy":"post_tag","embeddable":true,"href":"https:\/\/cdnoticias.com\/index.php\/wp-json\/wp\/v2\/tags?post=42848"}],"curies":[{"name":"wp","href":"https:\/\/api.w.org\/{rel}","templated":true}]}}