{"id":42841,"date":"2021-12-31T15:19:20","date_gmt":"2021-12-31T18:19:20","guid":{"rendered":"http:\/\/www.centraldenoticias.com.ar\/?p=42841"},"modified":"2021-12-31T20:21:45","modified_gmt":"2021-12-31T23:21:45","slug":"en-poco-mas-de-dos-meses-la-ufi-5-inicio-358-causas-por-violencia-familiar-y-de-genero","status":"publish","type":"post","link":"https:\/\/cdnoticias.com\/index.php\/2021\/12\/31\/en-poco-mas-de-dos-meses-la-ufi-5-inicio-358-causas-por-violencia-familiar-y-de-genero\/","title":{"rendered":"En poco m\u00e1s de dos meses la UFI 5 inici\u00f3 358 causas por Violencia Familiar y de G\u00e9nero"},"content":{"rendered":"<p>La cifra corresponde desde octubre a mediados de diciembre. Todos los detalles y cifras.<!--more--><\/p>\n<hr \/>\n<p><strong>\u201cEstas fechas son clave\u201d<\/strong>, narr\u00f3 d\u00edas atr\u00e1s a este portal la fiscal en Violencia Familiar y de G\u00e9nero, la doctora Viviana Beyt\u00eda,<a href=\"https:\/\/cdnoticias.com\/index.php\/2021\/12\/23\/no-estan-solas-el-mensaje-de-la-fiscalia-en-violencia-de-genero\/\" target=\"_blank\" rel=\"noopener\"> revelando c\u00f3mo en el cierre de a\u00f1o suele dar un incremento de este tipo de episodios<\/a>.<\/p>\n<p>&nbsp;<\/p>\n<p>En el marco de ese di\u00e1logo, este portal logr\u00f3 acceder nuevamente a cifras y datos concretos que dejan en evidencia el abultado e incesante trabajo que realiza la dependencia que, si bien tiene sede en nuestra ciudad, <strong>tambi\u00e9n tiene bajo su jurisdicci\u00f3n todos los hechos de estas caracter\u00edsticas que ocurran tanto en Laprida como en General La Madrid.<\/strong><\/p>\n<p>&nbsp;<\/p>\n<p><img data-recalc-dims=\"1\" loading=\"lazy\" decoding=\"async\" class=\"alignnone size-full wp-image-34916\" src=\"https:\/\/i0.wp.com\/cdnoticias.com\/wp-content\/uploads\/2021\/10\/Beytia01.jpg?resize=800%2C445&#038;ssl=1\" alt=\"\" width=\"800\" height=\"445\" srcset=\"https:\/\/i0.wp.com\/cdnoticias.com\/wp-content\/uploads\/2021\/10\/Beytia01.jpg?w=800&amp;ssl=1 800w, https:\/\/i0.wp.com\/cdnoticias.com\/wp-content\/uploads\/2021\/10\/Beytia01.jpg?resize=300%2C167&amp;ssl=1 300w, https:\/\/i0.wp.com\/cdnoticias.com\/wp-content\/uploads\/2021\/10\/Beytia01.jpg?resize=768%2C427&amp;ssl=1 768w\" sizes=\"auto, (max-width: 800px) 100vw, 800px\" \/><\/p>\n<p>&nbsp;<\/p>\n<p>El primer dato resonante es que<strong> desde octubre a mediados del presente mes, momento en el que fue hecha la entrevista, se hab\u00edan iniciado 358 causas<\/strong>, una tendencia de varias denuncias por d\u00eda que se ha reiterado a lo largo de todo el a\u00f1o.<\/p>\n<p>&nbsp;<\/p>\n<p>No menos significativo es el hecho que en ese lapso de tiempo se llevaron adelante <strong>13 detenciones, varias de las cuales en la actualidad se han convertido en prisiones preventivas vigentes.<\/strong><\/p>\n<p>&nbsp;<\/p>\n<p><img data-recalc-dims=\"1\" loading=\"lazy\" decoding=\"async\" class=\"alignnone size-full wp-image-42280\" src=\"https:\/\/i0.wp.com\/cdnoticias.com\/wp-content\/uploads\/2021\/12\/fiscalia01.jpg?resize=800%2C445&#038;ssl=1\" alt=\"\" width=\"800\" height=\"445\" srcset=\"https:\/\/i0.wp.com\/cdnoticias.com\/wp-content\/uploads\/2021\/12\/fiscalia01.jpg?w=800&amp;ssl=1 800w, https:\/\/i0.wp.com\/cdnoticias.com\/wp-content\/uploads\/2021\/12\/fiscalia01.jpg?resize=300%2C167&amp;ssl=1 300w, https:\/\/i0.wp.com\/cdnoticias.com\/wp-content\/uploads\/2021\/12\/fiscalia01.jpg?resize=768%2C427&amp;ssl=1 768w\" sizes=\"auto, (max-width: 800px) 100vw, 800px\" \/><\/p>\n<p>&nbsp;<\/p>\n<p>A la par, tambi\u00e9n en estos dos y meses y medio se han culminado <strong>39 causas, las cuales ya fueron elevadas a juicio y aguardan por su resoluci\u00f3n en primera instancia.<\/strong><\/p>\n<p>&nbsp;<\/p>\n<p>Al mencionar los juicios surge la menci\u00f3n de un dato para nada menor, y es que desde su puesta en marcha, en la UFI 5 <strong>\u201cno tenemos absoluciones\u201d<\/strong>, seg\u00fan subray\u00f3 tanto la fiscal Viviana Beyt\u00eda como la doctora Ver\u00f3nica Colombo, quien revel\u00f3 que fueron 15 los debates, tanto orales como abreviados, que se llevaron a cabo en las \u00faltimas semanas.<\/p>\n<p>&nbsp;<\/p>\n<p>A lo largo del a\u00f1o 2021, la UFI 5 llev\u00f3 adelante 61 debates en total. Asimismo,<strong> ya est\u00e1n fijados para el 2022 32 audiencias de debate para juicios.<\/strong><\/p>\n<p>&nbsp;<\/p>\n<p><img data-recalc-dims=\"1\" loading=\"lazy\" decoding=\"async\" class=\"alignnone size-full wp-image-42277\" src=\"https:\/\/i0.wp.com\/cdnoticias.com\/wp-content\/uploads\/2021\/12\/UFI-5-fiscal%C3%ADa-g%C3%A9nero-02.jpg?resize=800%2C445&#038;ssl=1\" alt=\"\" width=\"800\" height=\"445\" srcset=\"https:\/\/i0.wp.com\/cdnoticias.com\/wp-content\/uploads\/2021\/12\/UFI-5-fiscal%C3%ADa-g%C3%A9nero-02.jpg?w=800&amp;ssl=1 800w, https:\/\/i0.wp.com\/cdnoticias.com\/wp-content\/uploads\/2021\/12\/UFI-5-fiscal%C3%ADa-g%C3%A9nero-02.jpg?resize=300%2C167&amp;ssl=1 300w, https:\/\/i0.wp.com\/cdnoticias.com\/wp-content\/uploads\/2021\/12\/UFI-5-fiscal%C3%ADa-g%C3%A9nero-02.jpg?resize=768%2C427&amp;ssl=1 768w\" sizes=\"auto, (max-width: 800px) 100vw, 800px\" \/><\/p>\n<p>&nbsp;<\/p>\n<p>Si de trabajo en equipo hablamos, la titular de la UFI 5 <strong>no quiso dejar pasar la ocasi\u00f3n para mencionar y agradecer lo hecho por quienes la acompa\u00f1an en la tarea diaria<\/strong>, no limit\u00e1ndose a la doctora Colombo y los funcionarios que la acompa\u00f1an en la dependencia que lidera, sino tambi\u00e9n en la sede judicial local, como los jueces de Garant\u00edas y la jueza Correccional, sino tambi\u00e9n aquellas personas e instituciones tanto p\u00fablicas como intermedias que lo hacen por fuera del recinto ubicado en el barrio Mariano Moreno.<\/p>\n<p>&nbsp;<\/p>\n<p>Mencion\u00f3 y ponder\u00f3 lo hecho desde el Juzgado de Familia, la Direcci\u00f3n de Pol\u00edticas de G\u00e9nero, al Servicio Local, Casa Popular de la Mujer (ex Casa Popular Valeria), comisar\u00eda De la Mujer y la Familia, Centro de Monitoreo y Estaci\u00f3n de Polic\u00eda Departamental de Olavarr\u00eda.<\/p>\n","protected":false},"excerpt":{"rendered":"<p>La cifra corresponde desde octubre a mediados de diciembre. Todos los detalles y cifras.<\/p>\n","protected":false},"author":4,"featured_media":42279,"comment_status":"closed","ping_status":"closed","sticky":false,"template":"","format":"standard","meta":{"_jetpack_memberships_contains_paid_content":false,"footnotes":""},"categories":[14,1],"tags":[],"class_list":["post-42841","post","type-post","status-publish","format-standard","has-post-thumbnail","hentry","category-policiales","category-portada"],"jetpack_featured_media_url":"https:\/\/i0.wp.com\/cdnoticias.com\/wp-content\/uploads\/2021\/12\/UFI-5-fiscal%C3%ADa-g%C3%A9nero.jpg?fit=800%2C445&ssl=1","jetpack_sharing_enabled":true,"_links":{"self":[{"href":"https:\/\/cdnoticias.com\/index.php\/wp-json\/wp\/v2\/posts\/42841","targetHints":{"allow":["GET"]}}],"collection":[{"href":"https:\/\/cdnoticias.com\/index.php\/wp-json\/wp\/v2\/posts"}],"about":[{"href":"https:\/\/cdnoticias.com\/index.php\/wp-json\/wp\/v2\/types\/post"}],"author":[{"embeddable":true,"href":"https:\/\/cdnoticias.com\/index.php\/wp-json\/wp\/v2\/users\/4"}],"replies":[{"embeddable":true,"href":"https:\/\/cdnoticias.com\/index.php\/wp-json\/wp\/v2\/comments?post=42841"}],"version-history":[{"count":0,"href":"https:\/\/cdnoticias.com\/index.php\/wp-json\/wp\/v2\/posts\/42841\/revisions"}],"wp:featuredmedia":[{"embeddable":true,"href":"https:\/\/cdnoticias.com\/index.php\/wp-json\/wp\/v2\/media\/42279"}],"wp:attachment":[{"href":"https:\/\/cdnoticias.com\/index.php\/wp-json\/wp\/v2\/media?parent=42841"}],"wp:term":[{"taxonomy":"category","embeddable":true,"href":"https:\/\/cdnoticias.com\/index.php\/wp-json\/wp\/v2\/categories?post=42841"},{"taxonomy":"post_tag","embeddable":true,"href":"https:\/\/cdnoticias.com\/index.php\/wp-json\/wp\/v2\/tags?post=42841"}],"curies":[{"name":"wp","href":"https:\/\/api.w.org\/{rel}","templated":true}]}}