{"id":42822,"date":"2021-12-30T16:00:58","date_gmt":"2021-12-30T19:00:58","guid":{"rendered":"http:\/\/www.centraldenoticias.com.ar\/?p=42822"},"modified":"2021-12-30T16:00:58","modified_gmt":"2021-12-30T19:00:58","slug":"unicen-obtuvo-46-millones-de-pesos-para-obras-en-campus-y-complejos-universitarios","status":"publish","type":"post","link":"https:\/\/cdnoticias.com\/index.php\/2021\/12\/30\/unicen-obtuvo-46-millones-de-pesos-para-obras-en-campus-y-complejos-universitarios\/","title":{"rendered":"UNICEN obtuvo 46 millones de pesos para obras en campus y complejos universitarios"},"content":{"rendered":"<p>Los fondos permitir\u00e1n realizar mejoras de infraestructura en todas las sedes de la universidad.<!--more--><\/p>\n<hr \/>\n<p>En un acto en el que estuvieron presentes el ministro de Educaci\u00f3n, Jaime Perczyk, el secretario de Pol\u00edticas Universitarias, Oscar Alpa, y los rectores de universidades participantes de la convocatoria de \u201cObras complementarias\u201d, entre los cuales se encontraba presente el rector de la Universidad Nacional del Centro de la Provincia de Buenos Aires, Dr. Marcelo Aba, se rubricaron los convenios espec\u00edficos por los cuales<strong> la cartera educativa nacional se comprometi\u00f3 a financiar mejoras y readecuaciones de la infraestructura existente de 54 universidades, por un monto total de m\u00e1s de 2.500 millones de pesos.<\/strong><\/p>\n<p>&nbsp;<\/p>\n<p>Durante la firma, el <strong>ministro Jaime Perczyk<\/strong> destac\u00f3 que: <em>\u201cla obra p\u00fablica tiene una finalidad concreta que es mejorar las condiciones de infraestructura para volver a la presencialidad plena en el mes de marzo, pero tambi\u00e9n tiene una potencialidad virtuosa que tiene que ver con la recuperaci\u00f3n econ\u00f3mica. Ese es el impulso reactivador que la argentina necesita y el restablecimiento del trabajo fortalece la universidad. <strong>Creemos, y en ese sentido trabajamos, que la actividad econ\u00f3mica tiene que ir de la mano con el presupuesto educativo y universitario<\/strong>\u201d.<\/em><\/p>\n<p>&nbsp;<\/p>\n<p>En el caso de la <strong>Universidad Nacional del Centro de la Provincia de Buenos Aires, el rector Marcelo Aba<\/strong> suscribi\u00f3 un convenio espec\u00edfico por un monto que permitir\u00e1<strong> realizar importantes mejoras en la infraestructura de todas las sedes de la universidad.<\/strong><\/p>\n<p>&nbsp;<\/p>\n<p>Los fondos recibidos, que<strong> superan los 46 millones de pesos, apuntan a mejorar la ventilaci\u00f3n, accesibilidad y evacuaci\u00f3n; a adecuar las instalaciones el\u00e9ctricas, de iluminaci\u00f3n, redes inform\u00e1ticas, gas y sanitarias y a acondicionar los espacios exteriores para actividades acad\u00e9micas espec\u00edficas.<\/strong> De esta manera, las universidades podr\u00e1n contar con instalaciones m\u00e1s accesibles y seguras en vistas del regreso a la presencialidad plena.<\/p>\n","protected":false},"excerpt":{"rendered":"<p>Los fondos permitir\u00e1n realizar mejoras de infraestructura en todas las sedes de la universidad.<\/p>\n","protected":false},"author":5,"featured_media":42823,"comment_status":"closed","ping_status":"closed","sticky":false,"template":"","format":"standard","meta":{"_jetpack_memberships_contains_paid_content":false,"footnotes":""},"categories":[5,1],"tags":[],"class_list":["post-42822","post","type-post","status-publish","format-standard","has-post-thumbnail","hentry","category-informacion-general","category-portada"],"jetpack_featured_media_url":"https:\/\/i0.wp.com\/cdnoticias.com\/wp-content\/uploads\/2021\/12\/ministro-rectores.jpg?fit=870%2C447&ssl=1","jetpack_sharing_enabled":true,"_links":{"self":[{"href":"https:\/\/cdnoticias.com\/index.php\/wp-json\/wp\/v2\/posts\/42822","targetHints":{"allow":["GET"]}}],"collection":[{"href":"https:\/\/cdnoticias.com\/index.php\/wp-json\/wp\/v2\/posts"}],"about":[{"href":"https:\/\/cdnoticias.com\/index.php\/wp-json\/wp\/v2\/types\/post"}],"author":[{"embeddable":true,"href":"https:\/\/cdnoticias.com\/index.php\/wp-json\/wp\/v2\/users\/5"}],"replies":[{"embeddable":true,"href":"https:\/\/cdnoticias.com\/index.php\/wp-json\/wp\/v2\/comments?post=42822"}],"version-history":[{"count":0,"href":"https:\/\/cdnoticias.com\/index.php\/wp-json\/wp\/v2\/posts\/42822\/revisions"}],"wp:featuredmedia":[{"embeddable":true,"href":"https:\/\/cdnoticias.com\/index.php\/wp-json\/wp\/v2\/media\/42823"}],"wp:attachment":[{"href":"https:\/\/cdnoticias.com\/index.php\/wp-json\/wp\/v2\/media?parent=42822"}],"wp:term":[{"taxonomy":"category","embeddable":true,"href":"https:\/\/cdnoticias.com\/index.php\/wp-json\/wp\/v2\/categories?post=42822"},{"taxonomy":"post_tag","embeddable":true,"href":"https:\/\/cdnoticias.com\/index.php\/wp-json\/wp\/v2\/tags?post=42822"}],"curies":[{"name":"wp","href":"https:\/\/api.w.org\/{rel}","templated":true}]}}