{"id":4282,"date":"2020-10-19T09:25:15","date_gmt":"2020-10-19T12:25:15","guid":{"rendered":"http:\/\/www.centraldenoticias.com.ar\/?p=4282"},"modified":"2020-10-19T10:49:41","modified_gmt":"2020-10-19T13:49:41","slug":"se-volaron-al-menos-seis-techos-con-la-tormenta-de-fuertes-vientos","status":"publish","type":"post","link":"https:\/\/cdnoticias.com\/index.php\/2020\/10\/19\/se-volaron-al-menos-seis-techos-con-la-tormenta-de-fuertes-vientos\/","title":{"rendered":"Se volaron al menos seis techos con la tormenta de fuertes vientos"},"content":{"rendered":"<p>Las dotaciones de Bomberos fueron convocadas en Olavarr\u00eda, Sierra Chica, Hinojo y Loma Negra tambi\u00e9n por ca\u00edda de \u00e1rboles. El servicio el\u00e9ctrico tambi\u00e9n se vio afectado, al igual que numerosos carteles comerciales.<!--more--><\/p>\n<hr \/>\n<p><strong>La tormenta que pasadas las 22 del domingo azot\u00f3 a Olavarr\u00eda dej\u00f3 serias consecuencias en numerosos puntos del distrito<\/strong>. Seg\u00fan el registro de Radio Olavarr\u00eda, las r\u00e1fagas de viento soplaron hasta 91 kil\u00f3metros por hora y la lluvia super\u00f3 los 71 mil\u00edmetros hasta las 6 de este lunes.<\/p>\n<p>Arduas tareas requiri\u00f3 la comunidad por parte de las dotaciones de Bomberos que estuvieron disponibles, con tareas tanto <strong>en la planta urbana de Olavarr\u00eda, como en Sierra Chica, Hinojo y Loma Negra<\/strong>. Trabajaron la Unidad 5 a cargo de Dar\u00edo Dubal y la Unidad 23 a cargo del oficial Juan Ponce quienes atendieron diversos llamados de vecinos.<\/p>\n<p><img data-recalc-dims=\"1\" loading=\"lazy\" decoding=\"async\" class=\"aligncenter wp-image-4286\" src=\"https:\/\/i0.wp.com\/cdnoticias.com\/wp-content\/uploads\/2020\/10\/9c20335f-960e-41bb-b7fa-ef1ee0591f3b-300x225.jpg?resize=500%2C375&#038;ssl=1\" alt=\"\" width=\"500\" height=\"375\" srcset=\"https:\/\/i0.wp.com\/cdnoticias.com\/wp-content\/uploads\/2020\/10\/9c20335f-960e-41bb-b7fa-ef1ee0591f3b.jpg?resize=300%2C225&amp;ssl=1 300w, https:\/\/i0.wp.com\/cdnoticias.com\/wp-content\/uploads\/2020\/10\/9c20335f-960e-41bb-b7fa-ef1ee0591f3b.jpg?resize=768%2C576&amp;ssl=1 768w, https:\/\/i0.wp.com\/cdnoticias.com\/wp-content\/uploads\/2020\/10\/9c20335f-960e-41bb-b7fa-ef1ee0591f3b.jpg?resize=1024%2C768&amp;ssl=1 1024w, https:\/\/i0.wp.com\/cdnoticias.com\/wp-content\/uploads\/2020\/10\/9c20335f-960e-41bb-b7fa-ef1ee0591f3b.jpg?w=1040&amp;ssl=1 1040w\" sizes=\"auto, (max-width: 500px) 100vw, 500px\" \/><\/p>\n<p><strong>Se registraron seis voladuras de techos y problemas por ca\u00edda de \u00e1rboles<\/strong>, as\u00ed como por cortes del tendido el\u00e9ctrico y algunos postes de distintos servicios que tambi\u00e9n estuvieron afectados.<\/p>\n<p>A su vez, se vieron las calles anegadas en numerosos sectores debido a la abundante ca\u00edda de agua en pocos minutos. Tambi\u00e9n se vieron carteles de comercios ca\u00eddos y volados en numerosos puntos de la ciudad.<\/p>\n<p><img data-recalc-dims=\"1\" loading=\"lazy\" decoding=\"async\" class=\"aligncenter wp-image-4287\" src=\"https:\/\/i0.wp.com\/cdnoticias.com\/wp-content\/uploads\/2020\/10\/526a2f4f-fbd5-4eeb-8ba2-2996a9eb8c7a.jpg?resize=500%2C375&#038;ssl=1\" alt=\"\" width=\"500\" height=\"375\" srcset=\"https:\/\/i0.wp.com\/cdnoticias.com\/wp-content\/uploads\/2020\/10\/526a2f4f-fbd5-4eeb-8ba2-2996a9eb8c7a.jpg?resize=300%2C225&amp;ssl=1 300w, https:\/\/i0.wp.com\/cdnoticias.com\/wp-content\/uploads\/2020\/10\/526a2f4f-fbd5-4eeb-8ba2-2996a9eb8c7a.jpg?resize=768%2C576&amp;ssl=1 768w, https:\/\/i0.wp.com\/cdnoticias.com\/wp-content\/uploads\/2020\/10\/526a2f4f-fbd5-4eeb-8ba2-2996a9eb8c7a.jpg?resize=1024%2C768&amp;ssl=1 1024w, https:\/\/i0.wp.com\/cdnoticias.com\/wp-content\/uploads\/2020\/10\/526a2f4f-fbd5-4eeb-8ba2-2996a9eb8c7a.jpg?w=1040&amp;ssl=1 1040w\" sizes=\"auto, (max-width: 500px) 100vw, 500px\" \/><\/p>\n<p>Hacia 22.30 la Unidad 5 asisti\u00f3 a Balcarce 4484 por el incendio de una palmera de unos 6 metros de altura. Se presume que se debi\u00f3 a la ca\u00edda de un rayo. All\u00ed trabaj\u00f3 por unos 15 minutos y parti\u00f3 hacia Belgrano y Mu\u00f1oz por la voladura del techo de una edificaci\u00f3n de dos pisos. El techo hab\u00eda ca\u00eddo en el patio de un vecino y los bomberos trabajaron para asegurar la estructura, a fin de detener los da\u00f1os. Trabajaron hasta las 23.37.<\/p>\n<p>La dotaci\u00f3n de la Unidad 23, en tanto, asisti\u00f3 hacia las 23.15 a calle 11 2604 tambi\u00e9n por la voladura de un techo y, luego, por el mismo problema fue a Jun\u00edn y Balcarce donde trabaj\u00f3 hasta las 0.11 de este lunes.<\/p>\n<p><img data-recalc-dims=\"1\" loading=\"lazy\" decoding=\"async\" class=\"aligncenter wp-image-4284\" src=\"https:\/\/i0.wp.com\/cdnoticias.com\/wp-content\/uploads\/2020\/10\/tormenta.jpg?resize=500%2C489&#038;ssl=1\" alt=\"\" width=\"500\" height=\"489\" srcset=\"https:\/\/i0.wp.com\/cdnoticias.com\/wp-content\/uploads\/2020\/10\/tormenta.jpg?resize=300%2C293&amp;ssl=1 300w, https:\/\/i0.wp.com\/cdnoticias.com\/wp-content\/uploads\/2020\/10\/tormenta.jpg?resize=768%2C751&amp;ssl=1 768w, https:\/\/i0.wp.com\/cdnoticias.com\/wp-content\/uploads\/2020\/10\/tormenta.jpg?w=796&amp;ssl=1 796w\" sizes=\"auto, (max-width: 500px) 100vw, 500px\" \/><\/p>\n<p>En tanto, la Unidad 5 fue convocada a Sarmiento 6242 a las 23.37 donde asimismo se hab\u00eda volado un techo. Demand\u00f3 tareas hasta pasada la medianoche cuando se dirigieron a Las Heras 4359: por una media hora, nuevamente intervinieron ante la voladura de un techo. Hacia las 0.30 la dotaci\u00f3n a cargo de Dar\u00edo Dubal parti\u00f3 hacia el barrio Federal de Sierra Chica donde tambi\u00e9n hubo una vivienda cuyo techo vol\u00f3 a ra\u00edz del viento.<\/p>\n<p>Desde el Destacamento N.\u00ba 3 de Hinojo, una dotaci\u00f3n fue convocada a las 0.49 por un \u00e1rbol ca\u00eddo que hab\u00eda cortado el acceso a Colonia Hinojo por el camino Uni\u00f3n de los Pueblos. La unidad a cargo del suboficial Pedro Arias trabaj\u00f3 hasta la 1.20 para cortar y remover el \u00e1rbol.<\/p>\n<p>Tambi\u00e9n en Loma Negra los bomberos tuvieron un llamado producto de los da\u00f1os que dej\u00f3 la tormenta. El Destacamento N.\u00ba 1 envi\u00f3 una dotaci\u00f3n a cargo del suboficial Roberto Rodr\u00edguez a ruta 51 kil\u00f3metro 463, a tres kil\u00f3metros del puente querand\u00edes, por un \u00e1rbol ca\u00eddo sobre la cinta asf\u00e1ltica.<img data-recalc-dims=\"1\" loading=\"lazy\" decoding=\"async\" class=\"aligncenter wp-image-4289\" src=\"https:\/\/i0.wp.com\/cdnoticias.com\/wp-content\/uploads\/2020\/10\/WhatsApp-Image-2020-10-19-at-09.32.37.jpeg?resize=500%2C375&#038;ssl=1\" alt=\"\" width=\"500\" height=\"375\" srcset=\"https:\/\/i0.wp.com\/cdnoticias.com\/wp-content\/uploads\/2020\/10\/WhatsApp-Image-2020-10-19-at-09.32.37.jpeg?resize=300%2C225&amp;ssl=1 300w, https:\/\/i0.wp.com\/cdnoticias.com\/wp-content\/uploads\/2020\/10\/WhatsApp-Image-2020-10-19-at-09.32.37.jpeg?resize=768%2C576&amp;ssl=1 768w, https:\/\/i0.wp.com\/cdnoticias.com\/wp-content\/uploads\/2020\/10\/WhatsApp-Image-2020-10-19-at-09.32.37.jpeg?resize=1024%2C768&amp;ssl=1 1024w, https:\/\/i0.wp.com\/cdnoticias.com\/wp-content\/uploads\/2020\/10\/WhatsApp-Image-2020-10-19-at-09.32.37.jpeg?w=1040&amp;ssl=1 1040w\" sizes=\"auto, (max-width: 500px) 100vw, 500px\" \/><\/p>\n<p><img data-recalc-dims=\"1\" loading=\"lazy\" decoding=\"async\" class=\"aligncenter wp-image-4285\" src=\"https:\/\/i0.wp.com\/cdnoticias.com\/wp-content\/uploads\/2020\/10\/6c0fad96-8d78-46fa-b470-314a2b4e8ca1.jpg?resize=500%2C375&#038;ssl=1\" alt=\"\" width=\"500\" height=\"375\" srcset=\"https:\/\/i0.wp.com\/cdnoticias.com\/wp-content\/uploads\/2020\/10\/6c0fad96-8d78-46fa-b470-314a2b4e8ca1.jpg?resize=300%2C225&amp;ssl=1 300w, https:\/\/i0.wp.com\/cdnoticias.com\/wp-content\/uploads\/2020\/10\/6c0fad96-8d78-46fa-b470-314a2b4e8ca1.jpg?resize=768%2C576&amp;ssl=1 768w, https:\/\/i0.wp.com\/cdnoticias.com\/wp-content\/uploads\/2020\/10\/6c0fad96-8d78-46fa-b470-314a2b4e8ca1.jpg?resize=1024%2C768&amp;ssl=1 1024w, https:\/\/i0.wp.com\/cdnoticias.com\/wp-content\/uploads\/2020\/10\/6c0fad96-8d78-46fa-b470-314a2b4e8ca1.jpg?w=1040&amp;ssl=1 1040w\" sizes=\"auto, (max-width: 500px) 100vw, 500px\" \/><\/p>\n","protected":false},"excerpt":{"rendered":"<p>Las dotaciones de Bomberos fueron convocadas en Olavarr\u00eda, Sierra Chica, Hinojo y Loma Negra tambi\u00e9n por ca\u00edda de \u00e1rboles. El<\/p>\n","protected":false},"author":4,"featured_media":4283,"comment_status":"closed","ping_status":"closed","sticky":false,"template":"","format":"standard","meta":{"_jetpack_memberships_contains_paid_content":false,"footnotes":""},"categories":[5,1],"tags":[],"class_list":["post-4282","post","type-post","status-publish","format-standard","has-post-thumbnail","hentry","category-informacion-general","category-portada"],"jetpack_featured_media_url":"https:\/\/i0.wp.com\/cdnoticias.com\/wp-content\/uploads\/2020\/10\/2620675a-c59b-45ec-88c0-93ac0b7bf5c2.jpg?fit=1040%2C780&ssl=1","jetpack_sharing_enabled":true,"_links":{"self":[{"href":"https:\/\/cdnoticias.com\/index.php\/wp-json\/wp\/v2\/posts\/4282","targetHints":{"allow":["GET"]}}],"collection":[{"href":"https:\/\/cdnoticias.com\/index.php\/wp-json\/wp\/v2\/posts"}],"about":[{"href":"https:\/\/cdnoticias.com\/index.php\/wp-json\/wp\/v2\/types\/post"}],"author":[{"embeddable":true,"href":"https:\/\/cdnoticias.com\/index.php\/wp-json\/wp\/v2\/users\/4"}],"replies":[{"embeddable":true,"href":"https:\/\/cdnoticias.com\/index.php\/wp-json\/wp\/v2\/comments?post=4282"}],"version-history":[{"count":0,"href":"https:\/\/cdnoticias.com\/index.php\/wp-json\/wp\/v2\/posts\/4282\/revisions"}],"wp:featuredmedia":[{"embeddable":true,"href":"https:\/\/cdnoticias.com\/index.php\/wp-json\/wp\/v2\/media\/4283"}],"wp:attachment":[{"href":"https:\/\/cdnoticias.com\/index.php\/wp-json\/wp\/v2\/media?parent=4282"}],"wp:term":[{"taxonomy":"category","embeddable":true,"href":"https:\/\/cdnoticias.com\/index.php\/wp-json\/wp\/v2\/categories?post=4282"},{"taxonomy":"post_tag","embeddable":true,"href":"https:\/\/cdnoticias.com\/index.php\/wp-json\/wp\/v2\/tags?post=4282"}],"curies":[{"name":"wp","href":"https:\/\/api.w.org\/{rel}","templated":true}]}}