{"id":42805,"date":"2021-12-30T16:50:33","date_gmt":"2021-12-30T19:50:33","guid":{"rendered":"http:\/\/www.centraldenoticias.com.ar\/?p=42805"},"modified":"2021-12-30T17:10:49","modified_gmt":"2021-12-30T20:10:49","slug":"amenaza-de-bomba-desde-olavarria-a-la-casa-rosada","status":"publish","type":"post","link":"https:\/\/cdnoticias.com\/index.php\/2021\/12\/30\/amenaza-de-bomba-desde-olavarria-a-la-casa-rosada\/","title":{"rendered":"\u00bfAmenaza de bomba desde Olavarr\u00eda a la Casa Rosada?"},"content":{"rendered":"<p>Antes de las 12 ingres\u00f3 el llamado al 911 de Polic\u00eda de la Ciudad. Se activ\u00f3 el protocolo de seguridad, pero no fue evacuado el personal.<!--more--><\/p>\n<hr \/>\n<p><strong>En la ma\u00f1ana de este jueves se recibi\u00f3 una amenaza de bomba a la Casa Rosada en CABA y, seg\u00fan trascendi\u00f3, el llamado se realiz\u00f3 desde Olavarr\u00eda<\/strong>.<\/p>\n<p>&nbsp;<\/p>\n<p>La informaci\u00f3n disponible hasta el momento dio cuenta de que <strong>hacia<\/strong>\u00a0<strong>las 11.49 de este jueves en el 911 de Polic\u00eda de la Ciudad<\/strong> se recibi\u00f3 el llamado y la amenaza expon\u00eda que <strong>\u201ciban a colocar una bomba\u201d<\/strong>.<\/p>\n<p>&nbsp;<\/p>\n<p>Desde el 911 se dio aviso a la Polic\u00eda Federal y <strong>se activ\u00f3 el protocolo de seguridad en Casa Rosada<\/strong>.<\/p>\n<p>&nbsp;<\/p>\n<p><img data-recalc-dims=\"1\" loading=\"lazy\" decoding=\"async\" class=\"size-full wp-image-42810 aligncenter\" src=\"https:\/\/i0.wp.com\/cdnoticias.com\/wp-content\/uploads\/2021\/12\/bomba-olavarria.jpg?resize=800%2C445&#038;ssl=1\" alt=\"\" width=\"800\" height=\"445\" srcset=\"https:\/\/i0.wp.com\/cdnoticias.com\/wp-content\/uploads\/2021\/12\/bomba-olavarria.jpg?w=800&amp;ssl=1 800w, https:\/\/i0.wp.com\/cdnoticias.com\/wp-content\/uploads\/2021\/12\/bomba-olavarria.jpg?resize=300%2C167&amp;ssl=1 300w, https:\/\/i0.wp.com\/cdnoticias.com\/wp-content\/uploads\/2021\/12\/bomba-olavarria.jpg?resize=768%2C427&amp;ssl=1 768w\" sizes=\"auto, (max-width: 800px) 100vw, 800px\" \/><\/p>\n<p>&nbsp;<\/p>\n<p>Se detall\u00f3 que con ello se realiz\u00f3 <strong>una exhaustiva recorrida por todo el edificio y el per\u00edmetro sin ninguna novedad. No se evacu\u00f3 al personal<\/strong> que trabajaba en la principal sede gubernamental del pa\u00eds donde tiene sus oficinas la Presidencia de la Naci\u00f3n.<\/p>\n<p>&nbsp;<\/p>\n<blockquote><p>En tanto, se dej\u00f3 saber que la llamada provino desde nuestra ciudad.<\/p><\/blockquote>\n<p>&nbsp;<\/p>\n<p><strong>Intervino la Brigada de explosivos y canes de PFA<\/strong> con 50 efectivos, adem\u00e1s de la Polic\u00eda de la Ciudad, tal como se conoce a la fuerza local de CABA. Se dio curso de los hechos al juez federal Juli\u00e1n Ercolini<\/p>\n<p>&nbsp;<\/p>\n<p>En principio <strong>el caso no se configura como delito, sino como \u201cintimidaci\u00f3n p\u00fablica\u201d<\/strong> lo cual deviene en multa o penalizaci\u00f3n para quienes sean determinados como autores.<\/p>\n","protected":false},"excerpt":{"rendered":"<p>Antes de las 12 ingres\u00f3 el llamado al 911 de Polic\u00eda de la Ciudad. Se activ\u00f3 el protocolo de seguridad,<\/p>\n","protected":false},"author":4,"featured_media":42806,"comment_status":"closed","ping_status":"closed","sticky":false,"template":"","format":"standard","meta":{"_jetpack_memberships_contains_paid_content":false,"footnotes":""},"categories":[6,1],"tags":[],"class_list":["post-42805","post","type-post","status-publish","format-standard","has-post-thumbnail","hentry","category-nacionales","category-portada"],"jetpack_featured_media_url":"https:\/\/i0.wp.com\/cdnoticias.com\/wp-content\/uploads\/2021\/12\/Casa-Rosada-PFA-explosivos1.jpg?fit=922%2C513&ssl=1","jetpack_sharing_enabled":true,"_links":{"self":[{"href":"https:\/\/cdnoticias.com\/index.php\/wp-json\/wp\/v2\/posts\/42805","targetHints":{"allow":["GET"]}}],"collection":[{"href":"https:\/\/cdnoticias.com\/index.php\/wp-json\/wp\/v2\/posts"}],"about":[{"href":"https:\/\/cdnoticias.com\/index.php\/wp-json\/wp\/v2\/types\/post"}],"author":[{"embeddable":true,"href":"https:\/\/cdnoticias.com\/index.php\/wp-json\/wp\/v2\/users\/4"}],"replies":[{"embeddable":true,"href":"https:\/\/cdnoticias.com\/index.php\/wp-json\/wp\/v2\/comments?post=42805"}],"version-history":[{"count":0,"href":"https:\/\/cdnoticias.com\/index.php\/wp-json\/wp\/v2\/posts\/42805\/revisions"}],"wp:featuredmedia":[{"embeddable":true,"href":"https:\/\/cdnoticias.com\/index.php\/wp-json\/wp\/v2\/media\/42806"}],"wp:attachment":[{"href":"https:\/\/cdnoticias.com\/index.php\/wp-json\/wp\/v2\/media?parent=42805"}],"wp:term":[{"taxonomy":"category","embeddable":true,"href":"https:\/\/cdnoticias.com\/index.php\/wp-json\/wp\/v2\/categories?post=42805"},{"taxonomy":"post_tag","embeddable":true,"href":"https:\/\/cdnoticias.com\/index.php\/wp-json\/wp\/v2\/tags?post=42805"}],"curies":[{"name":"wp","href":"https:\/\/api.w.org\/{rel}","templated":true}]}}