{"id":4280,"date":"2020-10-19T08:40:16","date_gmt":"2020-10-19T11:40:16","guid":{"rendered":"http:\/\/www.centraldenoticias.com.ar\/?p=4280"},"modified":"2020-10-19T08:40:16","modified_gmt":"2020-10-19T11:40:16","slug":"guillermo-amillano-guille-q-e-p-d","status":"publish","type":"post","link":"https:\/\/cdnoticias.com\/index.php\/2020\/10\/19\/guillermo-amillano-guille-q-e-p-d\/","title":{"rendered":"Guillermo Amillano \u201cGuille\u201d (Q.E.P.D.)"},"content":{"rendered":"<p>Falleci\u00f3 en Olavarr\u00eda el d\u00eda 18 de octubre de 2020 a los 51 a\u00f1os de edad. Su esposa: Karina Tusi. Sus hijos: Martin y Matias Amillano. Su hermana: Mirtha. Sus cu\u00f1ados: Dario Tusi y familia, Silvina Tusi y Jose Bahl. Sus sobrinos: Stefano y Santiago Tusi. Su suegra: Alicia Sierra y dem\u00e1s deudos participan su fallecimiento.<\/p>\n<p>No se realiza velatorio ni responso. Inhumaci\u00f3n a confirmar. Servicio adherido a Coopelectric.<\/p>\n<p>Vecino del barrio Luj\u00e1n. Nacido en Olavarr\u00eda. Empleado.<\/p>\n","protected":false},"excerpt":{"rendered":"<p>Falleci\u00f3 en Olavarr\u00eda el d\u00eda 18 de octubre de 2020 a los 51 a\u00f1os de edad. Su esposa: Karina Tusi.<\/p>\n","protected":false},"author":4,"featured_media":0,"comment_status":"closed","ping_status":"closed","sticky":false,"template":"","format":"standard","meta":{"_jetpack_memberships_contains_paid_content":false,"footnotes":""},"categories":[10],"tags":[],"class_list":["post-4280","post","type-post","status-publish","format-standard","hentry","category-necrologicas"],"jetpack_featured_media_url":"","jetpack_sharing_enabled":true,"_links":{"self":[{"href":"https:\/\/cdnoticias.com\/index.php\/wp-json\/wp\/v2\/posts\/4280","targetHints":{"allow":["GET"]}}],"collection":[{"href":"https:\/\/cdnoticias.com\/index.php\/wp-json\/wp\/v2\/posts"}],"about":[{"href":"https:\/\/cdnoticias.com\/index.php\/wp-json\/wp\/v2\/types\/post"}],"author":[{"embeddable":true,"href":"https:\/\/cdnoticias.com\/index.php\/wp-json\/wp\/v2\/users\/4"}],"replies":[{"embeddable":true,"href":"https:\/\/cdnoticias.com\/index.php\/wp-json\/wp\/v2\/comments?post=4280"}],"version-history":[{"count":0,"href":"https:\/\/cdnoticias.com\/index.php\/wp-json\/wp\/v2\/posts\/4280\/revisions"}],"wp:attachment":[{"href":"https:\/\/cdnoticias.com\/index.php\/wp-json\/wp\/v2\/media?parent=4280"}],"wp:term":[{"taxonomy":"category","embeddable":true,"href":"https:\/\/cdnoticias.com\/index.php\/wp-json\/wp\/v2\/categories?post=4280"},{"taxonomy":"post_tag","embeddable":true,"href":"https:\/\/cdnoticias.com\/index.php\/wp-json\/wp\/v2\/tags?post=4280"}],"curies":[{"name":"wp","href":"https:\/\/api.w.org\/{rel}","templated":true}]}}