{"id":42792,"date":"2021-12-31T12:09:24","date_gmt":"2021-12-31T15:09:24","guid":{"rendered":"http:\/\/www.centraldenoticias.com.ar\/?p=42792"},"modified":"2021-12-31T11:38:50","modified_gmt":"2021-12-31T14:38:50","slug":"suba-de-tarifas-de-internet-telefonia-fija-y-tv-por-cable","status":"publish","type":"post","link":"https:\/\/cdnoticias.com\/index.php\/2021\/12\/31\/suba-de-tarifas-de-internet-telefonia-fija-y-tv-por-cable\/","title":{"rendered":"Suba de tarifas de Internet, telefon\u00eda fija y TV por cable"},"content":{"rendered":"<p>Ser\u00e1 de hasta el 9,8%. Regir\u00e1n desde el 1\u00b0 de enero y podr\u00e1n aplicarlo solo aquellas empresas que posean hasta 100 mil clientes.<!--more--><\/p>\n<hr \/>\n<p><strong>El Gobierno autoriz\u00f3 a partir de enero un aumento de hasta el 9,8% en las tarifas de los servicios de Internet, telefon\u00eda fija, televisi\u00f3n por cable y satelital<\/strong>, solo para peque\u00f1as y medianas empresas que posean menos de 100 mil clientes.<\/p>\n<p>&nbsp;<\/p>\n<p>El incremento se aplicar\u00e1 desde el 1\u00b0 de enero y por el momento <strong>deja afuera a las grandes compa\u00f1\u00edas de telefon\u00eda y cable<\/strong> que, en su mayor\u00eda, tienen medidas cautelares dictadas por la Justicia contra el decreto 690\/2020 que declar\u00f3 servicio p\u00fablico a las telecomunicaciones y determin\u00f3 que los precios ser\u00edan fijados por el Gobierno nacional.<\/p>\n<p>&nbsp;<\/p>\n<blockquote><p>\u201cEstablecer que las Licenciatarias de Servicios de Valor Agregado de Acceso a Internet, de Servicios de Telefon\u00eda Fija, de Servicios de Radiodifusi\u00f3n por Suscripci\u00f3n mediante v\u00ednculo f\u00edsico o radioel\u00e9ctrico y las Licenciatarias de Servicios de Comunicaci\u00f3n Audiovisual de Radiodifusi\u00f3n por Suscripci\u00f3n mediante v\u00ednculo satelital que posean hasta 100 mil accesos totales; a partir del 1 de enero de 2022 podr\u00e1n incrementar el valor de todos sus precios minoristas en un porcentaje que no podr\u00e1 ser superior a 9,8%, tomando como referencia sus precios vigentes\u201d, destac\u00f3 el texto oficial que se formaliz\u00f3 por medio de la Resoluci\u00f3n 2187\/2021 del Ente Nacional de Comunicaciones (Enacom) y se public\u00f3 este jueves en el Bolet\u00edn Oficial.<\/p><\/blockquote>\n<p>&nbsp;<\/p>\n<p>El Enacom dispuso tambi\u00e9n que <strong>cualquier incremento sobre los precios minoristas<\/strong> que hubiese sido aplicado por las licenciatarias, y que supere los valores expresamente autorizados \u201cdeber\u00e1 ser reintegrado a sus usuarios y usuarias en la pr\u00f3xima factura a emitir, con actualizaci\u00f3n e intereses sujetos a la misma tasa de inter\u00e9s que aplican a sus clientes por mora en el pago de facturas\u201d.<\/p>\n<p>&nbsp;<\/p>\n<p>Los precios de estos servicios <strong>estuvieron congelados durante el a\u00f1o pasado<\/strong>, por la pandemia, y tambi\u00e9n se prohibi\u00f3 el corte por falta de pago. En <strong>enero de 2021, se autoriz\u00f3 un ajuste general<\/strong> del 5% y otro del 8% para los licenciatarios que no hubieran aumentado sus precios de sus planes y servicios durante el 2020.<\/p>\n<p>&nbsp;<\/p>\n<p><strong>Un mes despu\u00e9s se aplic\u00f3 otro incremento<\/strong> de hasta el 7% para aquellas empresas con menos de 100 mil accesos totales. M\u00e1s tarde, el Gobierno aplic\u00f3 <strong>otra suba del 5% retroactiva a julio<\/strong> para las telecomunicaciones.<\/p>\n<p>&nbsp;<\/p>\n<p>En este contexto, diferentes C\u00e1maras, Asociaciones y Federaciones que nuclean a pymes o cooperativas proveedoras de los servicios mencionados, informaron sobre la necesidad de incrementar los precios vigentes. <strong>Desde el Gobierno consideraron que las solicitudes \u201cresultan atendibles y razonables\u201d<\/strong>.<\/p>\n<p>&nbsp;<\/p>\n<blockquote><p>Ante esto, el Enacom justific\u00f3 este ajuste del 9,8% al se\u00f1alar que \u201cse han recibido nuevos requerimientos de aumentos con posterioridad a los \u00faltimos incrementos autorizados hasta julio de 2021, especialmente de aquellos prestadores de menor envergadura como cooperativas y pymes\u201d.<\/p><\/blockquote>\n<p>&nbsp;<\/p>\n<p>\u201cLos requerimientos de nuevos aumentos <strong>se fundamentan a partir de los mayores costos y el impacto de las variaciones de las principales variables econ\u00f3micas<\/strong> en la operatoria de las licenciatarias durante los meses transcurridos de 2021\u201d, puntualiz\u00f3.<\/p>\n<p>&nbsp;<\/p>\n<p>Por ese motivo, expres\u00f3 que<strong> \u201cresultan atendibles y razonables las solicitudes de correcciones necesarias tendientes a la sostenibilidad de los servicios prestados<\/strong> tanto por cooperativas como pymes licenciatarias, siendo este segmento reconocidamente abarcado por los prestadores que poseen menos de 100 mil accesos totales\u201d.<\/p>\n<p>&nbsp;<\/p>\n<p>Fuente: <em>Agencia DIB<\/em><\/p>\n","protected":false},"excerpt":{"rendered":"<p>Ser\u00e1 de hasta el 9,8%. Regir\u00e1n desde el 1\u00b0 de enero y podr\u00e1n aplicarlo solo aquellas empresas que posean hasta<\/p>\n","protected":false},"author":4,"featured_media":42793,"comment_status":"closed","ping_status":"closed","sticky":false,"template":"","format":"standard","meta":{"_jetpack_memberships_contains_paid_content":false,"footnotes":""},"categories":[6],"tags":[],"class_list":["post-42792","post","type-post","status-publish","format-standard","has-post-thumbnail","hentry","category-nacionales"],"jetpack_featured_media_url":"https:\/\/i0.wp.com\/cdnoticias.com\/wp-content\/uploads\/2021\/12\/DIB-internet-conexion-696x463.jpeg?fit=696%2C463&ssl=1","jetpack_sharing_enabled":true,"_links":{"self":[{"href":"https:\/\/cdnoticias.com\/index.php\/wp-json\/wp\/v2\/posts\/42792","targetHints":{"allow":["GET"]}}],"collection":[{"href":"https:\/\/cdnoticias.com\/index.php\/wp-json\/wp\/v2\/posts"}],"about":[{"href":"https:\/\/cdnoticias.com\/index.php\/wp-json\/wp\/v2\/types\/post"}],"author":[{"embeddable":true,"href":"https:\/\/cdnoticias.com\/index.php\/wp-json\/wp\/v2\/users\/4"}],"replies":[{"embeddable":true,"href":"https:\/\/cdnoticias.com\/index.php\/wp-json\/wp\/v2\/comments?post=42792"}],"version-history":[{"count":0,"href":"https:\/\/cdnoticias.com\/index.php\/wp-json\/wp\/v2\/posts\/42792\/revisions"}],"wp:featuredmedia":[{"embeddable":true,"href":"https:\/\/cdnoticias.com\/index.php\/wp-json\/wp\/v2\/media\/42793"}],"wp:attachment":[{"href":"https:\/\/cdnoticias.com\/index.php\/wp-json\/wp\/v2\/media?parent=42792"}],"wp:term":[{"taxonomy":"category","embeddable":true,"href":"https:\/\/cdnoticias.com\/index.php\/wp-json\/wp\/v2\/categories?post=42792"},{"taxonomy":"post_tag","embeddable":true,"href":"https:\/\/cdnoticias.com\/index.php\/wp-json\/wp\/v2\/tags?post=42792"}],"curies":[{"name":"wp","href":"https:\/\/api.w.org\/{rel}","templated":true}]}}