{"id":42763,"date":"2021-12-30T08:27:14","date_gmt":"2021-12-30T11:27:14","guid":{"rendered":"http:\/\/www.centraldenoticias.com.ar\/?p=42763"},"modified":"2021-12-30T10:04:37","modified_gmt":"2021-12-30T13:04:37","slug":"la-subsecretaria-de-mineria-bonaerense-dio-a-conocer-los-logros-de-la-gestion-2021","status":"publish","type":"post","link":"https:\/\/cdnoticias.com\/index.php\/2021\/12\/30\/la-subsecretaria-de-mineria-bonaerense-dio-a-conocer-los-logros-de-la-gestion-2021\/","title":{"rendered":"La Subsecretar\u00eda de Miner\u00eda Bonaerense dio a conocer los \u201clogros\u201d de la gesti\u00f3n 2021"},"content":{"rendered":"<p>El olavarriense Federico Aguilera comparti\u00f3 un video en sus redes sociales que resume lo hecho durante el presente a\u00f1o.<!--more--><\/p>\n<hr \/>\n<p><strong>\u201cEste 2021 fue un a\u00f1o de grandes logros para la Subsecretar\u00eda de Miner\u00eda, comparto con ustedes algunos de los m\u00e1s importantes\u201d<\/strong>, public\u00f3 en las \u00faltimas horas en sus redes sociales el subsecretario de Miner\u00eda bonaerense, el olavarriense Federico Aguilera, quien resumi\u00f3 lo hecho en su gesti\u00f3n en un video de algo m\u00e1s de dos minutos que fue replicado en varias ocasiones.<\/p>\n<p>&nbsp;<\/p>\n<p><strong>\u201cLogros 2021\u201d<\/strong> puede leerse en el inicio del material audiovisual, que en el detalle comienza con un apartado titulado \u201cM\u00e1s trabajo y producci\u00f3n\u201d. All\u00ed se enumer\u00f3, por ejemplo, que se realizaron 23 nuevas inscripciones en el Registro de Productores Mineros, adem\u00e1s de la <strong>adjudicaci\u00f3n de <a href=\"https:\/\/cdnoticias.com\/index.php\/2021\/04\/15\/mineria-entrego-la-concesion-de-explotacion-de-tres-canteras-a-empresas-de-olavarria\/\" target=\"_blank\" rel=\"noopener\">4 nuevos yacimientos fiscales<\/a> a 4 pymes del partido de Olavarr\u00eda, \u201csosteniendo la producci\u00f3n y m\u00e1s de 100 fuentes de trabajo que estaban en peligro\u201d<\/strong>, se agreg\u00f3. Tambi\u00e9n se mencion\u00f3, tal como se hab\u00eda divulgado horas antes, que los niveles de producci\u00f3n de lo que van de este a\u00f1o ya superaron lo hecho en 2016, 2019 y 2020.<\/p>\n<p>&nbsp;<\/p>\n<div class=\"jetpack-video-wrapper\"><iframe loading=\"lazy\" width=\"800\" height=\"600\" src=\"https:\/\/www.youtube.com\/embed\/BdnAi2F-wpc?feature=oembed\" frameborder=\"0\" allow=\"accelerometer; autoplay; clipboard-write; encrypted-media; gyroscope; picture-in-picture\" allowfullscreen><\/iframe><\/div>\n<p>&nbsp;<\/p>\n<p>Tambi\u00e9n se dedic\u00f3 una suerte de cap\u00edtulo a lo hecho en materia de \u201cfiscalizaci\u00f3n y control de la actividad minera\u201d. Se dio cuenta de la creaci\u00f3n de un registro p\u00fablico de Infractores a la Ley de Gu\u00edas de Tr\u00e1nsito de Minerales, adem\u00e1s de la actualizaci\u00f3n de las multas con respecto a las infracciones a esa normativa. En ese sentido, se narr\u00f3 que <strong>se labraron 273 infracciones, lo que represent\u00f3 \u201cun 140% m\u00e1s que el per\u00edodo anterior\u201d.<\/strong><\/p>\n<p>&nbsp;<\/p>\n<p>Por otra parte, tambi\u00e9n se aludi\u00f3 a la \u201cmirada sustentable\u201d de la gesti\u00f3n a partir de la <strong>declaraci\u00f3n de Cerro Largo como espacio de inter\u00e9s para la conservaci\u00f3n de la biodiversidad<\/strong>, a partir de las <a href=\"https:\/\/cdnoticias.com\/index.php\/2021\/10\/07\/aguilera-y-taiana-declararon-a-cerro-largo-como-espacio-de-interes-para-la-conservacion-de-la-biodiversidad\/\" target=\"_blank\" rel=\"noopener\">gestiones realizadas<\/a> ante el Ministerio de Defensa y Parques Naturales de la Naci\u00f3n.<\/p>\n<p>&nbsp;<\/p>\n<p><img data-recalc-dims=\"1\" loading=\"lazy\" decoding=\"async\" class=\"alignnone size-large wp-image-34935\" src=\"https:\/\/i0.wp.com\/cdnoticias.com\/wp-content\/uploads\/2021\/10\/WhatsApp-Image-2021-10-07-at-18.39.40.jpeg?resize=800%2C534&#038;ssl=1\" alt=\"\" width=\"800\" height=\"534\" srcset=\"https:\/\/i0.wp.com\/cdnoticias.com\/wp-content\/uploads\/2021\/10\/WhatsApp-Image-2021-10-07-at-18.39.40.jpeg?resize=1024%2C683&amp;ssl=1 1024w, https:\/\/i0.wp.com\/cdnoticias.com\/wp-content\/uploads\/2021\/10\/WhatsApp-Image-2021-10-07-at-18.39.40.jpeg?resize=300%2C200&amp;ssl=1 300w, https:\/\/i0.wp.com\/cdnoticias.com\/wp-content\/uploads\/2021\/10\/WhatsApp-Image-2021-10-07-at-18.39.40.jpeg?resize=768%2C512&amp;ssl=1 768w, https:\/\/i0.wp.com\/cdnoticias.com\/wp-content\/uploads\/2021\/10\/WhatsApp-Image-2021-10-07-at-18.39.40.jpeg?resize=272%2C182&amp;ssl=1 272w, https:\/\/i0.wp.com\/cdnoticias.com\/wp-content\/uploads\/2021\/10\/WhatsApp-Image-2021-10-07-at-18.39.40.jpeg?w=1280&amp;ssl=1 1280w\" sizes=\"auto, (max-width: 800px) 100vw, 800px\" \/><\/p>\n<p>&nbsp;<\/p>\n<p>Uno de los apartados m\u00e1s extensos es el vinculado a Educaci\u00f3n y Capacitaci\u00f3n. En el mismo se record\u00f3 c\u00f3mo en cooperaci\u00f3n con AOMA se realiz\u00f3 un diagn\u00f3stico que permiti\u00f3 \u201cidentificar vacancias y cursos de formaci\u00f3n necesarios\u201d en materia educativa. Ello dio lugar, por ejemplo, a la <strong>creaci\u00f3n y apertura del curso de electricista industrial, el cual es exclusivo para trabajar del sector<\/strong>.<\/p>\n<p>&nbsp;<\/p>\n<p>En esa sinton\u00eda se cre\u00f3 un programa educativo que se aplica en el nivel primario y medio con perspectiva de g\u00e9nero, con el objetivo generar un espacio de debate en la escuela sobre el lugar de la Miner\u00eda en la vida cotidiana, adem\u00e1s de visibilizar el lugar de las mujeres en el sector. Inclusive, se enfatiz\u00f3 que <strong>\u201cpor primera vez fueron visibilizadas las mujeres mineras bonaerenses\u201d<\/strong>, a partir de la producci\u00f3n de material audiovisual enmarcado en la Campa\u00f1a \u201coficios sin prejuicios\u201d.<\/p>\n<p>&nbsp;<\/p>\n<p><img data-recalc-dims=\"1\" loading=\"lazy\" decoding=\"async\" class=\"alignnone size-large wp-image-37741\" src=\"https:\/\/i0.wp.com\/cdnoticias.com\/wp-content\/uploads\/2021\/11\/anuncio-escrituras-aguilera-union-industrial-00.jpg?resize=800%2C445&#038;ssl=1\" alt=\"\" width=\"800\" height=\"445\" srcset=\"https:\/\/i0.wp.com\/cdnoticias.com\/wp-content\/uploads\/2021\/11\/anuncio-escrituras-aguilera-union-industrial-00.jpg?resize=1024%2C570&amp;ssl=1 1024w, https:\/\/i0.wp.com\/cdnoticias.com\/wp-content\/uploads\/2021\/11\/anuncio-escrituras-aguilera-union-industrial-00.jpg?resize=300%2C167&amp;ssl=1 300w, https:\/\/i0.wp.com\/cdnoticias.com\/wp-content\/uploads\/2021\/11\/anuncio-escrituras-aguilera-union-industrial-00.jpg?resize=768%2C428&amp;ssl=1 768w, https:\/\/i0.wp.com\/cdnoticias.com\/wp-content\/uploads\/2021\/11\/anuncio-escrituras-aguilera-union-industrial-00.jpg?resize=800%2C445&amp;ssl=1 800w, https:\/\/i0.wp.com\/cdnoticias.com\/wp-content\/uploads\/2021\/11\/anuncio-escrituras-aguilera-union-industrial-00.jpg?w=1200&amp;ssl=1 1200w\" sizes=\"auto, (max-width: 800px) 100vw, 800px\" \/><\/p>\n<p>&nbsp;<\/p>\n<p>Por \u00faltimo, pero no menos m\u00e1s importante, se mencionaron gesti\u00f3n de claro car\u00e1cter hist\u00f3rico. Por un lado, las gestiones realizadas con <strong>AOMA ante Procrear para poner en marcha la <a href=\"https:\/\/cdnoticias.com\/index.php\/2021\/07\/28\/es-la-primera-experiencia-y-la-tenemos-aca-en-olavarria\/\" target=\"_blank\" rel=\"noopener\">construcci\u00f3n de 48 viviendas<\/a><\/strong> para los trabajadores mineros. Por el otro, la<strong><a href=\"https:\/\/cdnoticias.com\/index.php\/2021\/11\/05\/anuncian-la-finalizacion-del-tramite-de-escritura-para-el-pio-v\/\" target=\"_blank\" rel=\"noopener\"> registraci\u00f3n catastral del PIO V<\/a> para poder tramitar la escrituras, luego de 11 a\u00f1os de reclamo del sector, en algo realizado de manera conjunta con la Uni\u00f3n Industrial de Olavarr\u00eda<\/strong>.<\/p>\n<p>&nbsp;<\/p>\n<p>Si de Parque Industrial se habla, no se puede eludir la <strong>inauguraci\u00f3n de la sucursal del Banco Provincia<\/strong> <a href=\"https:\/\/cdnoticias.com\/index.php\/2021\/11\/01\/quedo-inaugurada-la-sede-del-banco-provincia-en-el-pio\/\" target=\"_blank\" rel=\"noopener\">en ese punto de la ciudad<\/a>. Para finalizar, tambi\u00e9n se mencionaron las <a href=\"https:\/\/cdnoticias.com\/index.php\/2021\/10\/19\/mejoras-en-la-ruta-51-vieja-se-presentaron-seis-ofertas-para-la-obra\/\" target=\"_blank\" rel=\"noopener\">obras sobre la vieja Ruta Provincial 51<\/a>.<\/p>\n<p>&nbsp;<\/p>\n","protected":false},"excerpt":{"rendered":"<p>El olavarriense Federico Aguilera comparti\u00f3 un video en sus redes sociales que resume lo hecho durante el presente a\u00f1o.<\/p>\n","protected":false},"author":3,"featured_media":18959,"comment_status":"closed","ping_status":"closed","sticky":false,"template":"","format":"standard","meta":{"_jetpack_memberships_contains_paid_content":false,"footnotes":""},"categories":[5,1],"tags":[],"class_list":["post-42763","post","type-post","status-publish","format-standard","has-post-thumbnail","hentry","category-informacion-general","category-portada"],"jetpack_featured_media_url":"https:\/\/i0.wp.com\/cdnoticias.com\/wp-content\/uploads\/2021\/04\/fede-aguilera.jpg?fit=800%2C445&ssl=1","jetpack_sharing_enabled":true,"_links":{"self":[{"href":"https:\/\/cdnoticias.com\/index.php\/wp-json\/wp\/v2\/posts\/42763","targetHints":{"allow":["GET"]}}],"collection":[{"href":"https:\/\/cdnoticias.com\/index.php\/wp-json\/wp\/v2\/posts"}],"about":[{"href":"https:\/\/cdnoticias.com\/index.php\/wp-json\/wp\/v2\/types\/post"}],"author":[{"embeddable":true,"href":"https:\/\/cdnoticias.com\/index.php\/wp-json\/wp\/v2\/users\/3"}],"replies":[{"embeddable":true,"href":"https:\/\/cdnoticias.com\/index.php\/wp-json\/wp\/v2\/comments?post=42763"}],"version-history":[{"count":0,"href":"https:\/\/cdnoticias.com\/index.php\/wp-json\/wp\/v2\/posts\/42763\/revisions"}],"wp:featuredmedia":[{"embeddable":true,"href":"https:\/\/cdnoticias.com\/index.php\/wp-json\/wp\/v2\/media\/18959"}],"wp:attachment":[{"href":"https:\/\/cdnoticias.com\/index.php\/wp-json\/wp\/v2\/media?parent=42763"}],"wp:term":[{"taxonomy":"category","embeddable":true,"href":"https:\/\/cdnoticias.com\/index.php\/wp-json\/wp\/v2\/categories?post=42763"},{"taxonomy":"post_tag","embeddable":true,"href":"https:\/\/cdnoticias.com\/index.php\/wp-json\/wp\/v2\/tags?post=42763"}],"curies":[{"name":"wp","href":"https:\/\/api.w.org\/{rel}","templated":true}]}}