{"id":42753,"date":"2022-01-03T08:47:36","date_gmt":"2022-01-03T11:47:36","guid":{"rendered":"http:\/\/www.centraldenoticias.com.ar\/?p=42753"},"modified":"2022-01-03T08:47:36","modified_gmt":"2022-01-03T11:47:36","slug":"llega-sabado-amigo-al-centro-cultural-municipal-san-jose","status":"publish","type":"post","link":"https:\/\/cdnoticias.com\/index.php\/2022\/01\/03\/llega-sabado-amigo-al-centro-cultural-municipal-san-jose\/","title":{"rendered":"Llega \u201cS\u00e1bado Amigo\u201d al Centro Cultural Municipal \u201cSan Jos\u00e9\u201d"},"content":{"rendered":"<p style=\"padding-left: 30px;\">Se trata de un ciclo de recitales de bandas locales todos los s\u00e1bados de enero y febrero 2022. Comenzar\u00e1 el s\u00e1bado 8.<!--more--><\/p>\n<hr \/>\n<p>&nbsp;<\/p>\n<p>Se realizar\u00e1 una <strong>nueva propuesta llamada &#8220;S\u00e1bado Amigo&#8221; en el Centro Cultural Municipal \u201cSan Jos\u00e9\u201d.\u00a0<\/strong><\/p>\n<p>&nbsp;<\/p>\n<p>La iniciativa consiste en un<strong> ciclo de recitales de bandas locales<\/strong>, a desarrollarse<strong> todos los s\u00e1bados de enero y febrero de 2022 en el patio del Centro Cultural<\/strong>,<strong> desde las 19:00 con entrada libre y gratuita.<\/strong><\/p>\n<p>&nbsp;<\/p>\n<p>El<strong> Centro Cultural<\/strong> se encuentra abierto de <strong>lunes a viernes de 7:00 a 13:00, de martes a viernes de 17:30 a 21:30, s\u00e1bados, domingos y feriados de 18:00 a 22:00.<\/strong><\/p>\n<p>&nbsp;<\/p>\n<p>A continuaci\u00f3n, se informa el<strong> calendario completo de recitales.<\/strong><\/p>\n<p>&nbsp;<\/p>\n<p><strong>Programaci\u00f3n \u201cS\u00e1bado Amigo\u201d<\/strong><\/p>\n<p>&nbsp;<\/p>\n<p><strong>ENERO<\/strong><\/p>\n<p><strong>S\u00e1bado 8<\/strong><\/p>\n<ul>\n<li>Sujeto de prueba (rock nacional)<\/li>\n<li>Se descoc\u00f3 la gorda (rock nacional)<\/li>\n<\/ul>\n<p><strong>S\u00e1bado 15<\/strong><\/p>\n<ul>\n<li>Carbono 12 (metal)<\/li>\n<li>Ministerion (metal)<\/li>\n<\/ul>\n<p><strong>S\u00e1bado 22<\/strong><\/p>\n<ul>\n<li>Adriana Saravia (Tango)<\/li>\n<li>Alicia Carrera<\/li>\n<\/ul>\n<p><strong>S\u00e1bado 29<\/strong><\/p>\n<ul>\n<li>Maxi Dancer (competencia deFreestyle)<\/li>\n<\/ul>\n<p>&nbsp;<\/p>\n<p><strong>FEBRERO<\/strong><\/p>\n<p><strong>S\u00e1bado 5<\/strong><\/p>\n<ul>\n<li>Lisandro Elzegbe y los entes de Kely<\/li>\n<li>El profeta marciano<\/li>\n<\/ul>\n<p><strong>S\u00e1bado 12<\/strong><\/p>\n<ul>\n<li>Jos\u00e9 Lucero Pedraz (Folclore)<\/li>\n<li>Los Chuma (Folclore)<\/li>\n<\/ul>\n<p><strong>S\u00e1bado 26<\/strong><\/p>\n<ul>\n<li>Piwi Trio (Fusi\u00f3n)<\/li>\n<\/ul>\n<p>&nbsp;<\/p>\n<p>&nbsp;<\/p>\n<p>&nbsp;<\/p>\n","protected":false},"excerpt":{"rendered":"<p>Se trata de un ciclo de recitales de bandas locales todos los s\u00e1bados de enero y febrero 2022. Comenzar\u00e1 el<\/p>\n","protected":false},"author":6,"featured_media":0,"comment_status":"closed","ping_status":"closed","sticky":false,"template":"","format":"standard","meta":{"_jetpack_memberships_contains_paid_content":false,"footnotes":""},"categories":[9,1],"tags":[],"class_list":["post-42753","post","type-post","status-publish","format-standard","hentry","category-cultura","category-portada"],"jetpack_featured_media_url":"","jetpack_sharing_enabled":true,"_links":{"self":[{"href":"https:\/\/cdnoticias.com\/index.php\/wp-json\/wp\/v2\/posts\/42753","targetHints":{"allow":["GET"]}}],"collection":[{"href":"https:\/\/cdnoticias.com\/index.php\/wp-json\/wp\/v2\/posts"}],"about":[{"href":"https:\/\/cdnoticias.com\/index.php\/wp-json\/wp\/v2\/types\/post"}],"author":[{"embeddable":true,"href":"https:\/\/cdnoticias.com\/index.php\/wp-json\/wp\/v2\/users\/6"}],"replies":[{"embeddable":true,"href":"https:\/\/cdnoticias.com\/index.php\/wp-json\/wp\/v2\/comments?post=42753"}],"version-history":[{"count":0,"href":"https:\/\/cdnoticias.com\/index.php\/wp-json\/wp\/v2\/posts\/42753\/revisions"}],"wp:attachment":[{"href":"https:\/\/cdnoticias.com\/index.php\/wp-json\/wp\/v2\/media?parent=42753"}],"wp:term":[{"taxonomy":"category","embeddable":true,"href":"https:\/\/cdnoticias.com\/index.php\/wp-json\/wp\/v2\/categories?post=42753"},{"taxonomy":"post_tag","embeddable":true,"href":"https:\/\/cdnoticias.com\/index.php\/wp-json\/wp\/v2\/tags?post=42753"}],"curies":[{"name":"wp","href":"https:\/\/api.w.org\/{rel}","templated":true}]}}