{"id":42748,"date":"2021-12-29T19:52:51","date_gmt":"2021-12-29T22:52:51","guid":{"rendered":"http:\/\/www.centraldenoticias.com.ar\/?p=42748"},"modified":"2021-12-29T20:41:44","modified_gmt":"2021-12-29T23:41:44","slug":"olavarria-multiplico-el-numero-de-casos-activos-de-covid19-163-positivos-en-un-dia","status":"publish","type":"post","link":"https:\/\/cdnoticias.com\/index.php\/2021\/12\/29\/olavarria-multiplico-el-numero-de-casos-activos-de-covid19-163-positivos-en-un-dia\/","title":{"rendered":"Olavarr\u00eda multiplic\u00f3 el n\u00famero de casos  activos de Covid19: 163 positivos en un d\u00eda"},"content":{"rendered":"<p>Olavarr\u00eda no fue la excepci\u00f3n a lo que sucede en todo\u00a0 el pa\u00eds y tuvo un marcado incremento de casos de Covid19 en las \u00faltimas horas. Todos los detalles.<!--more--><\/p>\n<hr \/>\n<p>Se ve\u00eda venir. Los indicios fueron claros en los \u00faltimos d\u00edas. <a href=\"https:\/\/cdnoticias.com\/index.php\/2021\/12\/29\/nueva-jornada-de-largas-colas-para-testearse-por-covid\/\" target=\"_blank\" rel=\"noopener\">Las largas filas en los centros de testeos<\/a>, el conocimiento de m\u00e1s y m\u00e1s casos positivos y, para confirmarlo, el anuncio del municipio de <a href=\"https:\/\/cdnoticias.com\/index.php\/2021\/12\/29\/por-la-situacion-sanitaria-volveran-los-partes-medicos-diarios-por-covid\/\" target=\"_blank\" rel=\"noopener\">modificar la modalidad de comunicaci\u00f3n del informe sanitario<\/a>, que desde este mi\u00e9rcoles vuelve a ser diario. <strong>Olavarr\u00eda registr\u00f3 un marcado crecimiento de casos de Coronavirus<\/strong>.<\/p>\n<p>&nbsp;<\/p>\n<p><img data-recalc-dims=\"1\" loading=\"lazy\" decoding=\"async\" class=\"alignnone size-large wp-image-42743\" src=\"https:\/\/i0.wp.com\/cdnoticias.com\/wp-content\/uploads\/2021\/12\/WhatsApp-Image-2021-12-29-at-16.47.52-2.jpeg?resize=800%2C800&#038;ssl=1\" alt=\"\" width=\"800\" height=\"800\" srcset=\"https:\/\/i0.wp.com\/cdnoticias.com\/wp-content\/uploads\/2021\/12\/WhatsApp-Image-2021-12-29-at-16.47.52-2.jpeg?resize=1024%2C1024&amp;ssl=1 1024w, https:\/\/i0.wp.com\/cdnoticias.com\/wp-content\/uploads\/2021\/12\/WhatsApp-Image-2021-12-29-at-16.47.52-2.jpeg?resize=150%2C150&amp;ssl=1 150w, https:\/\/i0.wp.com\/cdnoticias.com\/wp-content\/uploads\/2021\/12\/WhatsApp-Image-2021-12-29-at-16.47.52-2.jpeg?resize=300%2C300&amp;ssl=1 300w, https:\/\/i0.wp.com\/cdnoticias.com\/wp-content\/uploads\/2021\/12\/WhatsApp-Image-2021-12-29-at-16.47.52-2.jpeg?resize=768%2C768&amp;ssl=1 768w, https:\/\/i0.wp.com\/cdnoticias.com\/wp-content\/uploads\/2021\/12\/WhatsApp-Image-2021-12-29-at-16.47.52-2.jpeg?w=1280&amp;ssl=1 1280w\" sizes=\"auto, (max-width: 800px) 100vw, 800px\" \/><\/p>\n<p>&nbsp;<\/p>\n<p>En la tarde de este mi\u00e9rcoles el municipio dio a conocer la situaci\u00f3n sanitaria del distrito frente a la pandemia y uno de los datos m\u00e1s resonantes es que <strong>solo en las \u00faltimas 24 horas se detectaron 163 casos positivos<\/strong>.<\/p>\n<p>&nbsp;<\/p>\n<p><img data-recalc-dims=\"1\" loading=\"lazy\" decoding=\"async\" class=\"alignnone size-large wp-image-42745\" src=\"https:\/\/i0.wp.com\/cdnoticias.com\/wp-content\/uploads\/2021\/12\/WhatsApp-Image-2021-12-29-at-16.47.52.jpeg?resize=800%2C800&#038;ssl=1\" alt=\"\" width=\"800\" height=\"800\" srcset=\"https:\/\/i0.wp.com\/cdnoticias.com\/wp-content\/uploads\/2021\/12\/WhatsApp-Image-2021-12-29-at-16.47.52.jpeg?resize=1024%2C1024&amp;ssl=1 1024w, https:\/\/i0.wp.com\/cdnoticias.com\/wp-content\/uploads\/2021\/12\/WhatsApp-Image-2021-12-29-at-16.47.52.jpeg?resize=150%2C150&amp;ssl=1 150w, https:\/\/i0.wp.com\/cdnoticias.com\/wp-content\/uploads\/2021\/12\/WhatsApp-Image-2021-12-29-at-16.47.52.jpeg?resize=300%2C300&amp;ssl=1 300w, https:\/\/i0.wp.com\/cdnoticias.com\/wp-content\/uploads\/2021\/12\/WhatsApp-Image-2021-12-29-at-16.47.52.jpeg?resize=768%2C767&amp;ssl=1 768w, https:\/\/i0.wp.com\/cdnoticias.com\/wp-content\/uploads\/2021\/12\/WhatsApp-Image-2021-12-29-at-16.47.52.jpeg?w=1280&amp;ssl=1 1280w\" sizes=\"auto, (max-width: 800px) 100vw, 800px\" \/><\/p>\n<p>&nbsp;<\/p>\n<p><strong>La cifra se logr\u00f3 gracias a la realizaci\u00f3n de 561 testeos<\/strong>, algo que tiene su correlato en las im\u00e1genes que pudieron verse esta jornada tanto en el m\u00f3dulo ubicado frente al Hospital Municipal \u201cDoctor H\u00e9ctor Cura\u201d como en torno al Club El Fort\u00edn, donde funciona el centro provincial de testeos dispuesto desde Regi\u00f3n Sanitaria IX.<\/p>\n<p>&nbsp;<\/p>\n<p><img data-recalc-dims=\"1\" loading=\"lazy\" decoding=\"async\" class=\"alignnone size-large wp-image-42741\" src=\"https:\/\/i0.wp.com\/cdnoticias.com\/wp-content\/uploads\/2021\/12\/WhatsApp-Image-2021-12-29-at-16.47.53-1.jpeg?resize=800%2C800&#038;ssl=1\" alt=\"\" width=\"800\" height=\"800\" srcset=\"https:\/\/i0.wp.com\/cdnoticias.com\/wp-content\/uploads\/2021\/12\/WhatsApp-Image-2021-12-29-at-16.47.53-1.jpeg?resize=1024%2C1024&amp;ssl=1 1024w, https:\/\/i0.wp.com\/cdnoticias.com\/wp-content\/uploads\/2021\/12\/WhatsApp-Image-2021-12-29-at-16.47.53-1.jpeg?resize=150%2C150&amp;ssl=1 150w, https:\/\/i0.wp.com\/cdnoticias.com\/wp-content\/uploads\/2021\/12\/WhatsApp-Image-2021-12-29-at-16.47.53-1.jpeg?resize=300%2C300&amp;ssl=1 300w, https:\/\/i0.wp.com\/cdnoticias.com\/wp-content\/uploads\/2021\/12\/WhatsApp-Image-2021-12-29-at-16.47.53-1.jpeg?resize=768%2C768&amp;ssl=1 768w, https:\/\/i0.wp.com\/cdnoticias.com\/wp-content\/uploads\/2021\/12\/WhatsApp-Image-2021-12-29-at-16.47.53-1.jpeg?w=1280&amp;ssl=1 1280w\" sizes=\"auto, (max-width: 800px) 100vw, 800px\" \/><\/p>\n<p>&nbsp;<\/p>\n<p>Con todo esto Olavarr\u00eda cuenta con<strong> 376 casos activos, de los cuales el 91% tiene menos de 60 a\u00f1os.<\/strong><\/p>\n<p>&nbsp;<\/p>\n<p><img data-recalc-dims=\"1\" loading=\"lazy\" decoding=\"async\" class=\"alignnone size-large wp-image-42746\" src=\"https:\/\/i0.wp.com\/cdnoticias.com\/wp-content\/uploads\/2021\/12\/WhatsApp-Image-2021-12-29-at-16.47.51.jpeg?resize=800%2C800&#038;ssl=1\" alt=\"\" width=\"800\" height=\"800\" srcset=\"https:\/\/i0.wp.com\/cdnoticias.com\/wp-content\/uploads\/2021\/12\/WhatsApp-Image-2021-12-29-at-16.47.51.jpeg?resize=1024%2C1024&amp;ssl=1 1024w, https:\/\/i0.wp.com\/cdnoticias.com\/wp-content\/uploads\/2021\/12\/WhatsApp-Image-2021-12-29-at-16.47.51.jpeg?resize=150%2C150&amp;ssl=1 150w, https:\/\/i0.wp.com\/cdnoticias.com\/wp-content\/uploads\/2021\/12\/WhatsApp-Image-2021-12-29-at-16.47.51.jpeg?resize=300%2C300&amp;ssl=1 300w, https:\/\/i0.wp.com\/cdnoticias.com\/wp-content\/uploads\/2021\/12\/WhatsApp-Image-2021-12-29-at-16.47.51.jpeg?resize=768%2C768&amp;ssl=1 768w, https:\/\/i0.wp.com\/cdnoticias.com\/wp-content\/uploads\/2021\/12\/WhatsApp-Image-2021-12-29-at-16.47.51.jpeg?w=1280&amp;ssl=1 1280w\" sizes=\"auto, (max-width: 800px) 100vw, 800px\" \/><\/p>\n<p>&nbsp;<\/p>\n<p>El dato a tener en cuenta es que<strong> son dos los pacientes con Covid19 en la Unidad de Terapia Intensiva del Hospital Municipal<\/strong>, se trata de una mujer de 41 a\u00f1os que no est\u00e1 vacunada, mientras que la restante es una de 69 a\u00f1os con dos dosis aplicadas, la m\u00e1s reciente el pasado 11 de agosto. A la par hay un tercer paciente en el \u00e1rea de Cuidados Generales.<\/p>\n","protected":false},"excerpt":{"rendered":"<p>Olavarr\u00eda no fue la excepci\u00f3n a lo que sucede en todo\u00a0 el pa\u00eds y tuvo un marcado incremento de casos<\/p>\n","protected":false},"author":3,"featured_media":42688,"comment_status":"closed","ping_status":"closed","sticky":false,"template":"","format":"standard","meta":{"_jetpack_memberships_contains_paid_content":false,"footnotes":""},"categories":[16,1],"tags":[],"class_list":["post-42748","post","type-post","status-publish","format-standard","has-post-thumbnail","hentry","category-covid-19","category-portada"],"jetpack_featured_media_url":"https:\/\/i0.wp.com\/cdnoticias.com\/wp-content\/uploads\/2021\/12\/elfortin2.jpg?fit=1599%2C890&ssl=1","jetpack_sharing_enabled":true,"_links":{"self":[{"href":"https:\/\/cdnoticias.com\/index.php\/wp-json\/wp\/v2\/posts\/42748","targetHints":{"allow":["GET"]}}],"collection":[{"href":"https:\/\/cdnoticias.com\/index.php\/wp-json\/wp\/v2\/posts"}],"about":[{"href":"https:\/\/cdnoticias.com\/index.php\/wp-json\/wp\/v2\/types\/post"}],"author":[{"embeddable":true,"href":"https:\/\/cdnoticias.com\/index.php\/wp-json\/wp\/v2\/users\/3"}],"replies":[{"embeddable":true,"href":"https:\/\/cdnoticias.com\/index.php\/wp-json\/wp\/v2\/comments?post=42748"}],"version-history":[{"count":0,"href":"https:\/\/cdnoticias.com\/index.php\/wp-json\/wp\/v2\/posts\/42748\/revisions"}],"wp:featuredmedia":[{"embeddable":true,"href":"https:\/\/cdnoticias.com\/index.php\/wp-json\/wp\/v2\/media\/42688"}],"wp:attachment":[{"href":"https:\/\/cdnoticias.com\/index.php\/wp-json\/wp\/v2\/media?parent=42748"}],"wp:term":[{"taxonomy":"category","embeddable":true,"href":"https:\/\/cdnoticias.com\/index.php\/wp-json\/wp\/v2\/categories?post=42748"},{"taxonomy":"post_tag","embeddable":true,"href":"https:\/\/cdnoticias.com\/index.php\/wp-json\/wp\/v2\/tags?post=42748"}],"curies":[{"name":"wp","href":"https:\/\/api.w.org\/{rel}","templated":true}]}}