{"id":4273,"date":"2020-10-18T21:18:11","date_gmt":"2020-10-19T00:18:11","guid":{"rendered":"http:\/\/www.centraldenoticias.com.ar\/?p=4273"},"modified":"2020-10-18T21:56:50","modified_gmt":"2020-10-19T00:56:50","slug":"olavarria-pasa-a-una-fase-4-restringida-hasta-el-1-de-noviembre","status":"publish","type":"post","link":"https:\/\/cdnoticias.com\/index.php\/2020\/10\/18\/olavarria-pasa-a-una-fase-4-restringida-hasta-el-1-de-noviembre\/","title":{"rendered":"Olavarr\u00eda pasa a una Fase 4 \u201crestringida\u201d hasta el 1 de noviembre"},"content":{"rendered":"<p>&nbsp;<\/p>\n<p>La decisi\u00f3n fue tomada en conjunto con el Jefe de Gabinete de Ministros ante la gran cantidad de casos registrados. <strong>Dos actividades ser\u00e1n restringidas: el funcionamiento de bares y restaurantes, y las actividades religiosas.<\/strong><!--more--><\/p>\n<hr \/>\n<p>Este domingo el intendente Ezequiel Galli encabez\u00f3 una nueva conferencia de prensa. Estuvo acompa\u00f1ado por el secretario de Salud German Caputo.<\/p>\n<p>&nbsp;<\/p>\n<p>El encuentro se desarroll\u00f3 a partir de las 21:00 en el Sal\u00f3n Blanco del Municipio. <strong>Su anuncio fue sobre la hora y gener\u00f3 sorpresa.<\/strong><\/p>\n<p>&nbsp;<\/p>\n<p>En primer lugar, el Intendente inform\u00f3 que se realizaron <strong>testeos en el personal de salud del Hospital, pero \u201chasta ahora dieron negativo\u201d.<\/strong> Adem\u00e1s, hizo referencia al <strong>Programa de Detecci\u00f3n Masiva<\/strong> y la intenci\u00f3n de \u201clograr que las personas que den positivo cumplan el aislamiento en su mayor\u00eda en su casa y los que necesitan ser internados en el Hospital\u201d.<\/p>\n<p>&nbsp;<\/p>\n<p>Adelant\u00f3 que evaluar\u00e1n luego de la concreci\u00f3n de esta primera instancia, la realizaci\u00f3n de una<strong> segunda etapa del programa.<\/strong><\/p>\n<p>&nbsp;<\/p>\n<p>Luego de esta introducci\u00f3n, indic\u00f3 que este domingo se comunic\u00f3 con Carlos Bianco, Jefe de Gabinete de Ministros para <strong>consensuar una serie de medidas a implementar.<\/strong><\/p>\n<p>&nbsp;<\/p>\n<p><em>\u201cHay que entender que a mayor cantidad de testeos hay mayor cantidad de casos positivos\u201d<\/em>, se\u00f1al\u00f3 Galli y agreg\u00f3: <strong><em>\u201ccomo tenemos gran cantidad de casos vamos a tomar alguna medida concreta para poder continuar en esta Fase 4 algo restringida\u201d.<\/em><\/strong><\/p>\n<p>&nbsp;<\/p>\n<blockquote><p>De esta forma, hasta el 1 de noviembre bares y restaurantes funcionaran solo con la metodolog\u00eda delivery. Adem\u00e1s, se cancelar\u00e1n las actividades de culto.<\/p><\/blockquote>\n<p>&nbsp;<\/p>\n<p><strong><em>\u201cNo me va a temblar el pulso para volver para atr\u00e1s en el caso de que sea necesario\u201d<\/em><\/strong>, asegur\u00f3 Galli al hacer referencia a la prioridad puesta en el sistema sanitario.<\/p>\n<p>&nbsp;<\/p>\n<p>Respecto a las <strong>salidas creativas<\/strong> se\u00f1al\u00f3 que por el momento continuar\u00e1n debido a los beneficios para la salud que implican este tipo de actividades. <em>\u201cHoy te digo que van a continuar y creo que son importantes\u201d<\/em>, afirm\u00f3.<\/p>\n","protected":false},"excerpt":{"rendered":"<p>&nbsp; La decisi\u00f3n fue tomada en conjunto con el Jefe de Gabinete de Ministros ante la gran cantidad de casos<\/p>\n","protected":false},"author":2,"featured_media":4271,"comment_status":"closed","ping_status":"closed","sticky":false,"template":"","format":"standard","meta":{"_jetpack_memberships_contains_paid_content":false,"footnotes":""},"categories":[5,1],"tags":[],"class_list":["post-4273","post","type-post","status-publish","format-standard","has-post-thumbnail","hentry","category-informacion-general","category-portada"],"jetpack_featured_media_url":"https:\/\/i0.wp.com\/cdnoticias.com\/wp-content\/uploads\/2020\/10\/comfe.jpg?fit=633%2C433&ssl=1","jetpack_sharing_enabled":true,"_links":{"self":[{"href":"https:\/\/cdnoticias.com\/index.php\/wp-json\/wp\/v2\/posts\/4273","targetHints":{"allow":["GET"]}}],"collection":[{"href":"https:\/\/cdnoticias.com\/index.php\/wp-json\/wp\/v2\/posts"}],"about":[{"href":"https:\/\/cdnoticias.com\/index.php\/wp-json\/wp\/v2\/types\/post"}],"author":[{"embeddable":true,"href":"https:\/\/cdnoticias.com\/index.php\/wp-json\/wp\/v2\/users\/2"}],"replies":[{"embeddable":true,"href":"https:\/\/cdnoticias.com\/index.php\/wp-json\/wp\/v2\/comments?post=4273"}],"version-history":[{"count":0,"href":"https:\/\/cdnoticias.com\/index.php\/wp-json\/wp\/v2\/posts\/4273\/revisions"}],"wp:featuredmedia":[{"embeddable":true,"href":"https:\/\/cdnoticias.com\/index.php\/wp-json\/wp\/v2\/media\/4271"}],"wp:attachment":[{"href":"https:\/\/cdnoticias.com\/index.php\/wp-json\/wp\/v2\/media?parent=4273"}],"wp:term":[{"taxonomy":"category","embeddable":true,"href":"https:\/\/cdnoticias.com\/index.php\/wp-json\/wp\/v2\/categories?post=4273"},{"taxonomy":"post_tag","embeddable":true,"href":"https:\/\/cdnoticias.com\/index.php\/wp-json\/wp\/v2\/tags?post=4273"}],"curies":[{"name":"wp","href":"https:\/\/api.w.org\/{rel}","templated":true}]}}