{"id":42721,"date":"2022-01-03T08:43:18","date_gmt":"2022-01-03T11:43:18","guid":{"rendered":"http:\/\/www.centraldenoticias.com.ar\/?p=42721"},"modified":"2022-01-03T10:31:48","modified_gmt":"2022-01-03T13:31:48","slug":"la-facultad-de-sociales-inicia-el-2022-con-presencialidad-plena","status":"publish","type":"post","link":"https:\/\/cdnoticias.com\/index.php\/2022\/01\/03\/la-facultad-de-sociales-inicia-el-2022-con-presencialidad-plena\/","title":{"rendered":"La Facultad de Sociales inicia el 2022 con presencialidad plena"},"content":{"rendered":"<p>Ser\u00e1 a partir del 7 de febrero y se aplicar\u00e1 a las instancias de cursada, rendici\u00f3n de ex\u00e1menes, pr\u00e1cticas, residencias y actividades administrativas.\u00a0<!--more--><\/p>\n<hr \/>\n<p>A partir del 7 de febrero del a\u00f1o pr\u00f3ximo <strong>todas las actividades acad\u00e9micas y administrativas de la Facultad de Ciencias Sociales de la UNICEN se llevar\u00e1n adelante de forma presencial, con complemento de virtualidad, y en l\u00ednea con los protocolos sanitarios vigentes.<\/strong><\/p>\n<p>&nbsp;<\/p>\n<p>La vuelta a la presencialidad permitir\u00e1 que los y las estudiantes de la FACSO vuelvan a recorrer las aulas y dem\u00e1s espacios de la Facultad y el Campus Universitario de Olavarr\u00eda, y<strong> en el caso de ingresantes y estudiantes de los primeros a\u00f1os, se espera as\u00ed poder favorecer la afiliaci\u00f3n institucional y el acompa\u00f1amiento acad\u00e9mico.<\/strong><\/p>\n<p>&nbsp;<\/p>\n<p>En el marco de estas actividades <strong>se combinar\u00e1 la presencialidad con modalidades h\u00edbridas y virtuales<\/strong>, a fin de garantizar el acceso y sostenimiento de trayectorias de estudiantes en las situaciones que as\u00ed lo requieran.<\/p>\n<p>&nbsp;<\/p>\n<p><img data-recalc-dims=\"1\" loading=\"lazy\" decoding=\"async\" class=\"aligncenter wp-image-4717 size-large\" src=\"https:\/\/i0.wp.com\/cdnoticias.com\/wp-content\/uploads\/2020\/10\/facso.jpg?resize=800%2C254&#038;ssl=1\" alt=\"\" width=\"800\" height=\"254\" srcset=\"https:\/\/i0.wp.com\/cdnoticias.com\/wp-content\/uploads\/2020\/10\/facso.jpg?resize=1024%2C325&amp;ssl=1 1024w, https:\/\/i0.wp.com\/cdnoticias.com\/wp-content\/uploads\/2020\/10\/facso.jpg?resize=300%2C95&amp;ssl=1 300w, https:\/\/i0.wp.com\/cdnoticias.com\/wp-content\/uploads\/2020\/10\/facso.jpg?resize=768%2C244&amp;ssl=1 768w, https:\/\/i0.wp.com\/cdnoticias.com\/wp-content\/uploads\/2020\/10\/facso.jpg?w=2048&amp;ssl=1 2048w, https:\/\/i0.wp.com\/cdnoticias.com\/wp-content\/uploads\/2020\/10\/facso.jpg?w=1600&amp;ssl=1 1600w\" sizes=\"auto, (max-width: 800px) 100vw, 800px\" \/><\/p>\n<p>&nbsp;<\/p>\n<p>Esta modalidad se aplicar\u00e1 tanto en las instancias de <strong>cursada de materias y al momento de rendir ex\u00e1menes, pr\u00e1cticas pre-profesionales o de residencia, como para todas las actividades administrativas.<\/strong><\/p>\n<p>&nbsp;<\/p>\n<p>Para la presencialidad plena <strong>se respetar\u00e1n las disposiciones de la Universidad Nacional del Centro de la Provincia de Buenos Aires y los protocolos vigentes en el marco de la pandemia por el Covid-19,<\/strong> por lo que se atender\u00e1 a las medidas sanitarias que se resuelvan en este contexto.<\/p>\n<p>&nbsp;<\/p>\n<p>El Curso de Integraci\u00f3n a la Vida Universitaria se dictar\u00e1 entre el 21 de febrero y el 18 de marzo de 2022; en tanto que las cursadas de las carreras de grado de todos los a\u00f1os (1\u00b0 a 5\u00b0) comenzar\u00e1n de forma presencial el 21 de marzo.<\/p>\n","protected":false},"excerpt":{"rendered":"<p>Ser\u00e1 a partir del 7 de febrero y se aplicar\u00e1 a las instancias de cursada, rendici\u00f3n de ex\u00e1menes, pr\u00e1cticas, residencias<\/p>\n","protected":false},"author":5,"featured_media":42722,"comment_status":"closed","ping_status":"closed","sticky":false,"template":"","format":"standard","meta":{"_jetpack_memberships_contains_paid_content":false,"footnotes":""},"categories":[5,1],"tags":[],"class_list":["post-42721","post","type-post","status-publish","format-standard","has-post-thumbnail","hentry","category-informacion-general","category-portada"],"jetpack_featured_media_url":"https:\/\/i0.wp.com\/cdnoticias.com\/wp-content\/uploads\/2021\/12\/sociales.jpg?fit=800%2C476&ssl=1","jetpack_sharing_enabled":true,"_links":{"self":[{"href":"https:\/\/cdnoticias.com\/index.php\/wp-json\/wp\/v2\/posts\/42721","targetHints":{"allow":["GET"]}}],"collection":[{"href":"https:\/\/cdnoticias.com\/index.php\/wp-json\/wp\/v2\/posts"}],"about":[{"href":"https:\/\/cdnoticias.com\/index.php\/wp-json\/wp\/v2\/types\/post"}],"author":[{"embeddable":true,"href":"https:\/\/cdnoticias.com\/index.php\/wp-json\/wp\/v2\/users\/5"}],"replies":[{"embeddable":true,"href":"https:\/\/cdnoticias.com\/index.php\/wp-json\/wp\/v2\/comments?post=42721"}],"version-history":[{"count":0,"href":"https:\/\/cdnoticias.com\/index.php\/wp-json\/wp\/v2\/posts\/42721\/revisions"}],"wp:featuredmedia":[{"embeddable":true,"href":"https:\/\/cdnoticias.com\/index.php\/wp-json\/wp\/v2\/media\/42722"}],"wp:attachment":[{"href":"https:\/\/cdnoticias.com\/index.php\/wp-json\/wp\/v2\/media?parent=42721"}],"wp:term":[{"taxonomy":"category","embeddable":true,"href":"https:\/\/cdnoticias.com\/index.php\/wp-json\/wp\/v2\/categories?post=42721"},{"taxonomy":"post_tag","embeddable":true,"href":"https:\/\/cdnoticias.com\/index.php\/wp-json\/wp\/v2\/tags?post=42721"}],"curies":[{"name":"wp","href":"https:\/\/api.w.org\/{rel}","templated":true}]}}