{"id":42709,"date":"2021-12-29T15:24:18","date_gmt":"2021-12-29T18:24:18","guid":{"rendered":"http:\/\/www.centraldenoticias.com.ar\/?p=42709"},"modified":"2021-12-29T15:24:18","modified_gmt":"2021-12-29T18:24:18","slug":"silvana-rosa-kees-de-bonavetti-q-e-p-d","status":"publish","type":"post","link":"https:\/\/cdnoticias.com\/index.php\/2021\/12\/29\/silvana-rosa-kees-de-bonavetti-q-e-p-d\/","title":{"rendered":"Silvana Rosa Kees de Bonavetti (Q.E.P.D.)"},"content":{"rendered":"<p>Falleci\u00f3 en Olavarr\u00eda el d\u00eda 29 de diciembre de 2021 a los 59 a\u00f1os de edad. Su esposo: Mario Bonavetti. Sus hijos: Marcos y Enzo. Su mam\u00e1: Rosa Weimann. Sus hermanos: Jos\u00e9 Mar\u00eda y H\u00e9ctor. Sus hermanos pol\u00edticos: Liliana Messina y Mar\u00eda Luisa Bahl; Omar y Elsa Bonavetti; Patricia Soll\u00e9 y Sergio Aranzabal. Sus sobrinos, primos y dem\u00e1s deudos participan su fallecimiento.<\/p>\n<p>&nbsp;<\/p>\n<p>Velatorio: Sala &#8220;C&#8221; de Espa\u00f1a 2942, comienza 17:00 y finaliza 21:00. Responso: Capilla Ardiente. Inhumaci\u00f3n: Loma de Paz, jueves 30 de diciembre a las 9:30. Servicio adherido a Coopelectric.<\/p>\n<p>&nbsp;<\/p>\n<p>Barrio en el que viv\u00eda: Luj\u00e1n.<\/p>\n<p>&nbsp;<\/p>\n<p>Lugar de nacimiento: Olavarr\u00eda.<\/p>\n<p>&nbsp;<\/p>\n<p>Actividad que desarrollaba: Empleada de &#8220;Casa Silvia&#8221;.<\/p>\n<p>&nbsp;<\/p>\n","protected":false},"excerpt":{"rendered":"<p>Falleci\u00f3 en Olavarr\u00eda el d\u00eda 29 de diciembre de 2021 a los 59 a\u00f1os de edad. Su esposo: Mario Bonavetti.<\/p>\n","protected":false},"author":6,"featured_media":0,"comment_status":"closed","ping_status":"closed","sticky":false,"template":"","format":"standard","meta":{"_jetpack_memberships_contains_paid_content":false,"footnotes":""},"categories":[10],"tags":[],"class_list":["post-42709","post","type-post","status-publish","format-standard","hentry","category-necrologicas"],"jetpack_featured_media_url":"","jetpack_sharing_enabled":true,"_links":{"self":[{"href":"https:\/\/cdnoticias.com\/index.php\/wp-json\/wp\/v2\/posts\/42709","targetHints":{"allow":["GET"]}}],"collection":[{"href":"https:\/\/cdnoticias.com\/index.php\/wp-json\/wp\/v2\/posts"}],"about":[{"href":"https:\/\/cdnoticias.com\/index.php\/wp-json\/wp\/v2\/types\/post"}],"author":[{"embeddable":true,"href":"https:\/\/cdnoticias.com\/index.php\/wp-json\/wp\/v2\/users\/6"}],"replies":[{"embeddable":true,"href":"https:\/\/cdnoticias.com\/index.php\/wp-json\/wp\/v2\/comments?post=42709"}],"version-history":[{"count":0,"href":"https:\/\/cdnoticias.com\/index.php\/wp-json\/wp\/v2\/posts\/42709\/revisions"}],"wp:attachment":[{"href":"https:\/\/cdnoticias.com\/index.php\/wp-json\/wp\/v2\/media?parent=42709"}],"wp:term":[{"taxonomy":"category","embeddable":true,"href":"https:\/\/cdnoticias.com\/index.php\/wp-json\/wp\/v2\/categories?post=42709"},{"taxonomy":"post_tag","embeddable":true,"href":"https:\/\/cdnoticias.com\/index.php\/wp-json\/wp\/v2\/tags?post=42709"}],"curies":[{"name":"wp","href":"https:\/\/api.w.org\/{rel}","templated":true}]}}