{"id":42703,"date":"2021-12-29T13:43:45","date_gmt":"2021-12-29T16:43:45","guid":{"rendered":"http:\/\/www.centraldenoticias.com.ar\/?p=42703"},"modified":"2021-12-29T13:43:45","modified_gmt":"2021-12-29T16:43:45","slug":"vacunacion-libre-con-tercera-dosis-para-mayores-de-60-anos-trabajadores-de-la-salud-e-inmunodeprimidos","status":"publish","type":"post","link":"https:\/\/cdnoticias.com\/index.php\/2021\/12\/29\/vacunacion-libre-con-tercera-dosis-para-mayores-de-60-anos-trabajadores-de-la-salud-e-inmunodeprimidos\/","title":{"rendered":"Vacunaci\u00f3n libre con tercera dosis para mayores de 60 a\u00f1os, trabajadores de la salud e inmunodeprimidos"},"content":{"rendered":"<p>Se pueden inocular sin turno despu\u00e9s de cuatro meses desde la segunda dosis. Lo anunci\u00f3 el gobernador Kicillof este mi\u00e9rcoles. Encabez\u00f3 un acto por el primer aniversario de la puesta en marcha de la campa\u00f1a de vacunaci\u00f3n contra el Covid-19.<!--more--><\/p>\n<hr \/>\n<p>\u201c<strong>A partir de ma\u00f1ana habr\u00e1 vacunaci\u00f3n libre con tercera dosis para mayores de 60 a\u00f1os y trabajadores de la salud <\/strong>que hayan completado sus esquemas primarios hace cuatro meses, <strong>y para personas inmunodeprimidas<\/strong> que hayan recibido el segundo componente hace un mes\u201d, asegur\u00f3 este mi\u00e9rcoles el gobernador de la provincia de Buenos Aires, Axel Kicillof.<\/p>\n<p>&nbsp;<\/p>\n<p>Encabez\u00f3 un acto por el<strong> primer aniversario de la puesta en marcha de la campa\u00f1a de vacunaci\u00f3n contra el Covid-19<\/strong>. Fue desde el operativo de inmunizaci\u00f3n emplazado en la Casa del Bicentenario del <strong>municipio de Avellaneda<\/strong>, junto al ministro de Salud, Nicol\u00e1s Kreplak; el intendente local, Alejo Chornobroff; y la jefa de Gabinete municipal, Magdalena Sierra.<\/p>\n<p>&nbsp;<\/p>\n<p><img data-recalc-dims=\"1\" loading=\"lazy\" decoding=\"async\" class=\"size-full wp-image-42705 aligncenter\" src=\"https:\/\/i0.wp.com\/cdnoticias.com\/wp-content\/uploads\/2021\/12\/kicillof-anuncio-03.jpg?resize=800%2C445&#038;ssl=1\" alt=\"\" width=\"800\" height=\"445\" srcset=\"https:\/\/i0.wp.com\/cdnoticias.com\/wp-content\/uploads\/2021\/12\/kicillof-anuncio-03.jpg?w=800&amp;ssl=1 800w, https:\/\/i0.wp.com\/cdnoticias.com\/wp-content\/uploads\/2021\/12\/kicillof-anuncio-03.jpg?resize=300%2C167&amp;ssl=1 300w, https:\/\/i0.wp.com\/cdnoticias.com\/wp-content\/uploads\/2021\/12\/kicillof-anuncio-03.jpg?resize=768%2C427&amp;ssl=1 768w\" sizes=\"auto, (max-width: 800px) 100vw, 800px\" \/><\/p>\n<p>&nbsp;<\/p>\n<blockquote><p>En ese marco, Kicillof destac\u00f3 que \u201cas\u00ed como exigimos el pase libre con vacunas para seguir promoviendo los cuidados y la vacunaci\u00f3n, en la Provincia ya contamos con programas de vacunaci\u00f3n libre y federal\u201d. \u201cLa vacunaci\u00f3n es un hecho social y colectivo, que tiene que ver con la salud individual, pero sobre todo con cuidar a los dem\u00e1s y preservar todos los avances que hemos logrado\u201d, enfatiz\u00f3.<\/p><\/blockquote>\n<p>&nbsp;<\/p>\n<p>\u201cDesde la puesta en marcha de la campa\u00f1a hace un a\u00f1o,<strong> la Provincia no par\u00f3 de vacunar ni un solo d\u00eda y est\u00e1 por llegar a 30 millones de aplicaciones<\/strong>\u201d, sostuvo el Gobernador, al tiempo que valor\u00f3 que \u201cla libertad que hoy tenemos, que nos permite esperar una temporada r\u00e9cord, se debe al esfuerzo de los y las trabajadoras de salud que, de lunes a lunes, nos siguieron cuidando e inmunizando\u201d.<\/p>\n<p>&nbsp;<\/p>\n<p><img data-recalc-dims=\"1\" loading=\"lazy\" decoding=\"async\" class=\"size-large wp-image-42700 aligncenter\" src=\"https:\/\/i0.wp.com\/cdnoticias.com\/wp-content\/uploads\/2021\/12\/vacunacion-provincia-1.jpeg?resize=800%2C450&#038;ssl=1\" alt=\"\" width=\"800\" height=\"450\" srcset=\"https:\/\/i0.wp.com\/cdnoticias.com\/wp-content\/uploads\/2021\/12\/vacunacion-provincia-1.jpeg?resize=1024%2C576&amp;ssl=1 1024w, https:\/\/i0.wp.com\/cdnoticias.com\/wp-content\/uploads\/2021\/12\/vacunacion-provincia-1.jpeg?resize=300%2C169&amp;ssl=1 300w, https:\/\/i0.wp.com\/cdnoticias.com\/wp-content\/uploads\/2021\/12\/vacunacion-provincia-1.jpeg?resize=768%2C432&amp;ssl=1 768w, https:\/\/i0.wp.com\/cdnoticias.com\/wp-content\/uploads\/2021\/12\/vacunacion-provincia-1.jpeg?w=1280&amp;ssl=1 1280w\" sizes=\"auto, (max-width: 800px) 100vw, 800px\" \/><\/p>\n<p>&nbsp;<\/p>\n<blockquote><p>La vacunaci\u00f3n libre podr\u00e1 realizarse en cualquier posta de la Provincia, independientemente del lugar de residencia -incluso de otras jurisdicciones-. El programa Buenos Aires Vacunate<a href=\"https:\/\/cdnoticias.com\/index.php\/2021\/12\/29\/covid-en-un-ano-de-vacunacion-la-region-ix-aplico-mas-de-640-mil-dosis\/\" target=\"_blank\" rel=\"noopener\"> alcanz\u00f3 a 14,7 millones de bonaerenses<\/a>, de los cuales 12,6 millones completaron sus esquemas primarios. Adem\u00e1s, se aplicaron hasta el momento m\u00e1s de 889 mil dosis de refuerzo y m\u00e1s de 891 mil terceros componentes en los casos de personas inmunodeprimidas y mayores de 50 a\u00f1os que recibieron la vacuna de Sinopharm.<\/p><\/blockquote>\n<p>&nbsp;<\/p>\n<p>\u201cEsta campa\u00f1a que comenz\u00f3 hace un a\u00f1o ya nos permiti\u00f3 alcanzar una<strong> cobertura del 88% de los y las bonaerenses con primera dosis y 75% con esquema primario completo<\/strong>\u201d, asegur\u00f3 Kreplak y a\u00f1adi\u00f3: \u201cEs el resultado del esfuerzo de todo el pueblo de la Provincia, que acompa\u00f1\u00f3 y puso el hombro para cuidarse y cuidar a los dem\u00e1s\u201d.<\/p>\n<p>&nbsp;<\/p>\n<p><img data-recalc-dims=\"1\" loading=\"lazy\" decoding=\"async\" class=\"size-full wp-image-42706 aligncenter\" src=\"https:\/\/i0.wp.com\/cdnoticias.com\/wp-content\/uploads\/2021\/12\/kicillof-vacunacion-02.jpg?resize=800%2C445&#038;ssl=1\" alt=\"\" width=\"800\" height=\"445\" srcset=\"https:\/\/i0.wp.com\/cdnoticias.com\/wp-content\/uploads\/2021\/12\/kicillof-vacunacion-02.jpg?w=800&amp;ssl=1 800w, https:\/\/i0.wp.com\/cdnoticias.com\/wp-content\/uploads\/2021\/12\/kicillof-vacunacion-02.jpg?resize=300%2C167&amp;ssl=1 300w, https:\/\/i0.wp.com\/cdnoticias.com\/wp-content\/uploads\/2021\/12\/kicillof-vacunacion-02.jpg?resize=768%2C427&amp;ssl=1 768w\" sizes=\"auto, (max-width: 800px) 100vw, 800px\" \/><\/p>\n<p>&nbsp;<\/p>\n<p>Respecto de la situaci\u00f3n epidemiol\u00f3gica, el Ministro resalt\u00f3 que \u201c<strong>ayer tuvimos 11.800 casos, mayoritariamente de la variante Delta<\/strong>, en tanto que \u00d3micron representa un 30% de los contagios en el conurbano bonaerense\u201d. \u201cEsta situaci\u00f3n no tiene correlato en casos graves, ya que las personas vacunadas est\u00e1n mucho m\u00e1s protegidas: tienen menos posibilidades de contagiarse y 19 veces menos riesgo de cursar la enfermedad de forma grave\u201d, sostuvo.<\/p>\n<p>&nbsp;<\/p>\n<p>Por su parte, el<strong> intendente Chornobroff<\/strong> remarc\u00f3: \u201cDesde el municipio de Avellaneda estamos orgullosos del trabajo realizado durante este a\u00f1o, en el que la Provincia nos acompa\u00f1\u00f3 desde el primer d\u00eda, tanto en los aspectos vinculados a la pandemia como a las necesidades de recuperar el poder adquisitivo y apuntalar la educaci\u00f3n\u201d.<\/p>\n<p>&nbsp;<\/p>\n<p><img data-recalc-dims=\"1\" loading=\"lazy\" decoding=\"async\" class=\"size-large wp-image-42707 aligncenter\" src=\"https:\/\/i0.wp.com\/cdnoticias.com\/wp-content\/uploads\/2021\/12\/kicillof-anuncio-02.jpg?resize=800%2C445&#038;ssl=1\" alt=\"\" width=\"800\" height=\"445\" srcset=\"https:\/\/i0.wp.com\/cdnoticias.com\/wp-content\/uploads\/2021\/12\/kicillof-anuncio-02.jpg?resize=1024%2C569&amp;ssl=1 1024w, https:\/\/i0.wp.com\/cdnoticias.com\/wp-content\/uploads\/2021\/12\/kicillof-anuncio-02.jpg?resize=300%2C167&amp;ssl=1 300w, https:\/\/i0.wp.com\/cdnoticias.com\/wp-content\/uploads\/2021\/12\/kicillof-anuncio-02.jpg?resize=768%2C427&amp;ssl=1 768w, https:\/\/i0.wp.com\/cdnoticias.com\/wp-content\/uploads\/2021\/12\/kicillof-anuncio-02.jpg?resize=800%2C445&amp;ssl=1 800w, https:\/\/i0.wp.com\/cdnoticias.com\/wp-content\/uploads\/2021\/12\/kicillof-anuncio-02.jpg?w=1108&amp;ssl=1 1108w\" sizes=\"auto, (max-width: 800px) 100vw, 800px\" \/><\/p>\n<p>&nbsp;<\/p>\n<p>Por \u00faltimo, Kicillof subray\u00f3 que \u201cpara <strong>preservar lo que logramos<\/strong>, tenemos que continuar con la vacunaci\u00f3n y sostener los cuidados, aisl\u00e1ndonos ante el primer s\u00edntoma para no poner a nadie en riesgo\u201d.<\/p>\n<p>&nbsp;<\/p>\n<blockquote><p>\u201cAunque dec\u00edan que era imposible, la campa\u00f1a de vacunaci\u00f3n es hoy una realidad de 30 millones de aplicaciones\u201d, concluy\u00f3.<\/p><\/blockquote>\n","protected":false},"excerpt":{"rendered":"<p>Se pueden inocular sin turno despu\u00e9s de cuatro meses desde la segunda dosis. Lo anunci\u00f3 el gobernador Kicillof este mi\u00e9rcoles.<\/p>\n","protected":false},"author":4,"featured_media":42704,"comment_status":"closed","ping_status":"closed","sticky":false,"template":"","format":"standard","meta":{"_jetpack_memberships_contains_paid_content":false,"footnotes":""},"categories":[6,1],"tags":[],"class_list":["post-42703","post","type-post","status-publish","format-standard","has-post-thumbnail","hentry","category-nacionales","category-portada"],"jetpack_featured_media_url":"https:\/\/i0.wp.com\/cdnoticias.com\/wp-content\/uploads\/2021\/12\/kicillof-vacunacion-01.jpg?fit=800%2C445&ssl=1","jetpack_sharing_enabled":true,"_links":{"self":[{"href":"https:\/\/cdnoticias.com\/index.php\/wp-json\/wp\/v2\/posts\/42703","targetHints":{"allow":["GET"]}}],"collection":[{"href":"https:\/\/cdnoticias.com\/index.php\/wp-json\/wp\/v2\/posts"}],"about":[{"href":"https:\/\/cdnoticias.com\/index.php\/wp-json\/wp\/v2\/types\/post"}],"author":[{"embeddable":true,"href":"https:\/\/cdnoticias.com\/index.php\/wp-json\/wp\/v2\/users\/4"}],"replies":[{"embeddable":true,"href":"https:\/\/cdnoticias.com\/index.php\/wp-json\/wp\/v2\/comments?post=42703"}],"version-history":[{"count":0,"href":"https:\/\/cdnoticias.com\/index.php\/wp-json\/wp\/v2\/posts\/42703\/revisions"}],"wp:featuredmedia":[{"embeddable":true,"href":"https:\/\/cdnoticias.com\/index.php\/wp-json\/wp\/v2\/media\/42704"}],"wp:attachment":[{"href":"https:\/\/cdnoticias.com\/index.php\/wp-json\/wp\/v2\/media?parent=42703"}],"wp:term":[{"taxonomy":"category","embeddable":true,"href":"https:\/\/cdnoticias.com\/index.php\/wp-json\/wp\/v2\/categories?post=42703"},{"taxonomy":"post_tag","embeddable":true,"href":"https:\/\/cdnoticias.com\/index.php\/wp-json\/wp\/v2\/tags?post=42703"}],"curies":[{"name":"wp","href":"https:\/\/api.w.org\/{rel}","templated":true}]}}