{"id":42681,"date":"2021-12-29T10:35:10","date_gmt":"2021-12-29T13:35:10","guid":{"rendered":"http:\/\/www.centraldenoticias.com.ar\/?p=42681"},"modified":"2021-12-29T11:03:05","modified_gmt":"2021-12-29T14:03:05","slug":"en-una-maratonica-sesion-la-legislatura-aprobo-el-presupuesto-2022","status":"publish","type":"post","link":"https:\/\/cdnoticias.com\/index.php\/2021\/12\/29\/en-una-maratonica-sesion-la-legislatura-aprobo-el-presupuesto-2022\/","title":{"rendered":"En una marat\u00f3nica sesi\u00f3n, la Legislatura aprob\u00f3 el Presupuesto 2022"},"content":{"rendered":"<p>Habr\u00e1 Ley Fiscal para la provincia, tras un acuerdo entre oficialismo y oposici\u00f3n. Habr\u00e1 aumento del 35% promedio para la mayor\u00eda de los contribuyentes. El Fondo de Infraestructura Municipal, de 20 mil millones de pesos.\u00a0<!--more--><\/p>\n<hr \/>\n<p>La Legislatura bonaerense <strong>aprob\u00f3 esta madrugada el proyecto de Presupuesto y ley Fiscal 2022 para la provincia, en el marco de un acuerdo pol\u00edtico previo entre el Frente de Todos y Juntos.<\/strong><\/p>\n<p>&nbsp;<\/p>\n<p>El proyecto contempla un <strong>gasto total para el a\u00f1o pr\u00f3ximo de $ 3,1 billones y un pedido de nuevo endeudamiento de algo m\u00e1s de $90.000 millones- y la Ley Impositiva, que prev\u00e9 un aumento de los impuestos patrimoniales del 35% promedio para la mayor\u00eda de los contribuyentes.<\/strong><\/p>\n<p>&nbsp;<\/p>\n<blockquote><p>La propuesta plantea un d\u00e9ficit primario de $48.800 millones y uno financiero de $133 mil millones, lo que genera una necesidad de pedir autorizaciones de endeudamiento por un total de $120.000 millones.<\/p><\/blockquote>\n<p>&nbsp;<\/p>\n<p>Prev\u00e9<strong> inversiones en infraestructura y vivienda por $260.609 millones, lo que implica el 8,4% del presupuesto total<\/strong>. Incluye obras de vialidad destinadas a inversi\u00f3n y mantenimiento en rutas y caminos rurales, planes de rehabilitaci\u00f3n y ensanche de calzadas, pavimentaci\u00f3n de caminos productivos, obras de Iluminaci\u00f3n, se\u00f1alamiento y de seguridad vial; obras de vivienda, de agua y cloacas; proyectos de energ\u00eda y obras de hidr\u00e1ulica.<\/p>\n<p>&nbsp;<\/p>\n<p>Por estas horas se discute la posibilidad de<strong> incluir en la propuesta un Fondo de Infraestructura Municipal (FIM) para que las comunas dispongan de ciertos recursos para la realizaci\u00f3n de obras que rondar\u00eda entre los 18 y los 20 mil millones de pesos.<\/strong><\/p>\n<p>&nbsp;<\/p>\n<p><img data-recalc-dims=\"1\" loading=\"lazy\" decoding=\"async\" class=\"alignnone size-large wp-image-42683\" src=\"https:\/\/i0.wp.com\/cdnoticias.com\/wp-content\/uploads\/2021\/12\/FHxQkSJXsAATnRh.jpg?resize=800%2C534&#038;ssl=1\" alt=\"\" width=\"800\" height=\"534\" srcset=\"https:\/\/i0.wp.com\/cdnoticias.com\/wp-content\/uploads\/2021\/12\/FHxQkSJXsAATnRh.jpg?resize=1024%2C683&amp;ssl=1 1024w, https:\/\/i0.wp.com\/cdnoticias.com\/wp-content\/uploads\/2021\/12\/FHxQkSJXsAATnRh.jpg?resize=300%2C200&amp;ssl=1 300w, https:\/\/i0.wp.com\/cdnoticias.com\/wp-content\/uploads\/2021\/12\/FHxQkSJXsAATnRh.jpg?resize=768%2C512&amp;ssl=1 768w, https:\/\/i0.wp.com\/cdnoticias.com\/wp-content\/uploads\/2021\/12\/FHxQkSJXsAATnRh.jpg?resize=272%2C182&amp;ssl=1 272w, https:\/\/i0.wp.com\/cdnoticias.com\/wp-content\/uploads\/2021\/12\/FHxQkSJXsAATnRh.jpg?w=1599&amp;ssl=1 1599w\" sizes=\"auto, (max-width: 800px) 100vw, 800px\" \/><\/p>\n<p>&nbsp;<\/p>\n<blockquote><p>Otro punto tiene que ver con la promoci\u00f3n de la producci\u00f3n, el empleo y la inclusi\u00f3n social, con una inversi\u00f3n que ascender\u00e1 a $123.079 millones, lo que implica un incremento de 57% real respecto al a\u00f1o 2019.<\/p><\/blockquote>\n<p>&nbsp;<\/p>\n<p>Una de las pol\u00edticas fundamentales en ese sentido es el<strong> Servicio Alimentario Escolar, que tendr\u00e1 la inversi\u00f3n m\u00e1s elevada en t\u00e9rminos reales en la historia reciente del programa, con $51.575 millones.<\/strong> En t\u00e9rminos presupuestarios, implica una mejora del 118% en t\u00e9rminos reales frente a los niveles de 2019.<\/p>\n<p>&nbsp;<\/p>\n<p><strong>Se prev\u00e9 un gasto de $35.333 millones para el \u00e1rea educativa<\/strong>, con $10.907 millones para el programa Escuelas a la Obra, $5.485 millones para fortalecimiento edilicio de jardines y $6.621 millones en tecnolog\u00eda educativa. Adem\u00e1s se contemplan, entre otros programas, $11.000 millones en programa integral ATR de acompa\u00f1amiento de las trayectorias educativas; y la creaci\u00f3n de la Escuela Provincial de Formaci\u00f3n de Equipos de Supervisi\u00f3n y Direcci\u00f3n.<\/p>\n<p>&nbsp;<\/p>\n<p>En cuanto a la inversi\u00f3n en<strong> seguridad, el proyecto de presupuesto contempla reforzar la inversi\u00f3n para contar con m\u00e1s polic\u00edas, mejor equipamiento e infraestructura, para lo cual se destinar\u00e1n $47.233 millones<\/strong>, lo que implica una mejora del 10,2% en t\u00e9rminos reales interanuales y del 199,6% respecto al ejecutado en 2019.<\/p>\n<p>&nbsp;<\/p>\n<p>Se destacan <strong>$20.013 millones para el Fortalecimiento del equipamiento de seguridad; $16.362 millones para Formaci\u00f3n policial; $3.200 millones para puesta en valor de dependencias policiales; y $7.000 millones para el Fondo Municipal de Fortalecimiento de la Seguridad.<\/strong><\/p>\n<p>&nbsp;<\/p>\n<p><span style=\"text-decoration: underline;\"><strong>Ley Impositiva<\/strong><\/span><\/p>\n<p>&nbsp;<\/p>\n<p><img data-recalc-dims=\"1\" loading=\"lazy\" decoding=\"async\" class=\"alignnone size-large wp-image-42684\" src=\"https:\/\/i0.wp.com\/cdnoticias.com\/wp-content\/uploads\/2021\/12\/FHxQlIvXoAAaAL1.jpg?resize=800%2C466&#038;ssl=1\" alt=\"\" width=\"800\" height=\"466\" srcset=\"https:\/\/i0.wp.com\/cdnoticias.com\/wp-content\/uploads\/2021\/12\/FHxQlIvXoAAaAL1.jpg?resize=1024%2C597&amp;ssl=1 1024w, https:\/\/i0.wp.com\/cdnoticias.com\/wp-content\/uploads\/2021\/12\/FHxQlIvXoAAaAL1.jpg?resize=300%2C175&amp;ssl=1 300w, https:\/\/i0.wp.com\/cdnoticias.com\/wp-content\/uploads\/2021\/12\/FHxQlIvXoAAaAL1.jpg?resize=768%2C448&amp;ssl=1 768w, https:\/\/i0.wp.com\/cdnoticias.com\/wp-content\/uploads\/2021\/12\/FHxQlIvXoAAaAL1.jpg?w=1169&amp;ssl=1 1169w\" sizes=\"auto, (max-width: 800px) 100vw, 800px\" \/><\/p>\n<p>&nbsp;<\/p>\n<p>A la vez, en la doble sesi\u00f3n de diputados y senadores, <strong>se aprob\u00f3 el proyecto de Ley Impositiva 2022 que, de acuerdo con el Gobierno bonaerense, \u201cbusca llevar alivio fiscal\u201d a los contribuyentes y est\u00e1 dise\u00f1ada \u201csobre la base de la recuperaci\u00f3n econ\u00f3mica\u201d.<\/strong><\/p>\n<p>&nbsp;<\/p>\n<p>Al igual que en 2021, contin\u00faa con la premisa de dotar de mayor progresividad a la estructura tributaria, <strong>evitando aumentar la carga sobre la mayor\u00eda de las y los habitantes de la Provincia y haciendo hincapi\u00e9 en la solidaridad de los sectores con mayor capacidad contributiva.<\/strong><\/p>\n<p>&nbsp;<\/p>\n<p>Los <strong>Ingresos Brutos no tendr\u00e1n ning\u00fan \u201ccambio en el r\u00e9gimen de al\u00edcuotas\u201d,<\/strong> y \u201cse contempla ampliar universo de empresas que cuentan con al\u00edcuotas reducidas\u201d, a trav\u00e9s del incremento del \u201c101 por ciento del m\u00e1ximo de facturaci\u00f3n\u201d.<\/p>\n<p>&nbsp;<\/p>\n<p>\u2013 <strong>Inmobiliario Urbano Edificado<\/strong>: se establecen topes de crecimiento del gravamen respecto del a\u00f1o anterior, los cuales son ascendentes a mayor patrimonio. De este modo, casi el 90 por ciento de los contribuyentes tienen aumentos menores al 35.<\/p>\n<p>&nbsp;<\/p>\n<p>\u2013<strong> Inmobiliario Urbano Bald\u00edo<\/strong>: se reconstruyen los l\u00edmites de la tabla de al\u00edcuotas con el objetivo de no incrementar la presi\u00f3n tributaria (igual al\u00edcuota impl\u00edcita).<\/p>\n<p>&nbsp;<\/p>\n<p>\u2013 <strong>Inmobiliario Rural<\/strong>: se establece el mismo escalonamiento progresivo que en el Edificado. De esta forma, la mayor\u00eda de los contribuyentes tienen un incremento inferior al 35 por ciento.<\/p>\n<p>&nbsp;<\/p>\n<p>\u2013 <strong>Impuesto Automotor<\/strong>: se disponen topes de crecimiento del Impuesto que son ascendentes a mayor valor. De esta forma, la mayor\u00eda de los dominios abonar\u00e1n un incremento igual o menor al 35 por ciento.<\/p>\n<p>&nbsp;<\/p>\n<p>\u2013<strong> Impuesto de Sellos<\/strong>: se adopta la misma pol\u00edtica impositiva que la vigente durante el a\u00f1o 2021, manteni\u00e9ndose las al\u00edcuotas vigentes.<\/p>\n","protected":false},"excerpt":{"rendered":"<p>Habr\u00e1 Ley Fiscal para la provincia, tras un acuerdo entre oficialismo y oposici\u00f3n. Habr\u00e1 aumento del 35% promedio para la<\/p>\n","protected":false},"author":2,"featured_media":42682,"comment_status":"closed","ping_status":"closed","sticky":false,"template":"","format":"standard","meta":{"_jetpack_memberships_contains_paid_content":false,"footnotes":""},"categories":[4,1],"tags":[],"class_list":["post-42681","post","type-post","status-publish","format-standard","has-post-thumbnail","hentry","category-politica","category-portada"],"jetpack_featured_media_url":"https:\/\/i0.wp.com\/cdnoticias.com\/wp-content\/uploads\/2021\/12\/FHxQknPX0AUxoyi.jpg?fit=1280%2C853&ssl=1","jetpack_sharing_enabled":true,"_links":{"self":[{"href":"https:\/\/cdnoticias.com\/index.php\/wp-json\/wp\/v2\/posts\/42681","targetHints":{"allow":["GET"]}}],"collection":[{"href":"https:\/\/cdnoticias.com\/index.php\/wp-json\/wp\/v2\/posts"}],"about":[{"href":"https:\/\/cdnoticias.com\/index.php\/wp-json\/wp\/v2\/types\/post"}],"author":[{"embeddable":true,"href":"https:\/\/cdnoticias.com\/index.php\/wp-json\/wp\/v2\/users\/2"}],"replies":[{"embeddable":true,"href":"https:\/\/cdnoticias.com\/index.php\/wp-json\/wp\/v2\/comments?post=42681"}],"version-history":[{"count":0,"href":"https:\/\/cdnoticias.com\/index.php\/wp-json\/wp\/v2\/posts\/42681\/revisions"}],"wp:featuredmedia":[{"embeddable":true,"href":"https:\/\/cdnoticias.com\/index.php\/wp-json\/wp\/v2\/media\/42682"}],"wp:attachment":[{"href":"https:\/\/cdnoticias.com\/index.php\/wp-json\/wp\/v2\/media?parent=42681"}],"wp:term":[{"taxonomy":"category","embeddable":true,"href":"https:\/\/cdnoticias.com\/index.php\/wp-json\/wp\/v2\/categories?post=42681"},{"taxonomy":"post_tag","embeddable":true,"href":"https:\/\/cdnoticias.com\/index.php\/wp-json\/wp\/v2\/tags?post=42681"}],"curies":[{"name":"wp","href":"https:\/\/api.w.org\/{rel}","templated":true}]}}