{"id":42675,"date":"2021-12-29T09:30:41","date_gmt":"2021-12-29T12:30:41","guid":{"rendered":"http:\/\/www.centraldenoticias.com.ar\/?p=42675"},"modified":"2021-12-29T09:30:41","modified_gmt":"2021-12-29T12:30:41","slug":"manifestaciones-en-chillar-por-falta-de-atencion-medica-en-el-hospital","status":"publish","type":"post","link":"https:\/\/cdnoticias.com\/index.php\/2021\/12\/29\/manifestaciones-en-chillar-por-falta-de-atencion-medica-en-el-hospital\/","title":{"rendered":"Manifestaciones en Chillar por falta de atenci\u00f3n m\u00e9dica en el hospital"},"content":{"rendered":"<p>Los vecinos de la localidad azule\u00f1a se movilizaron con el reclamo hacia el director del centro de salud y al delegado. Este mi\u00e9rcoles volver\u00e1n a concentrarse.<!--more--><\/p>\n<hr \/>\n<p><strong>Los vecinos de la localidad azule\u00f1a de Chillar se movilizaron por falta de atenci\u00f3n m\u00e9dica<\/strong> en el Hospital Horacio Ferro\u201d.<\/p>\n<p>&nbsp;<\/p>\n<p>Los reclamos se dirigen hacia <strong>el director del centro de salud Fabi\u00e1n Lingua y el delegado interino Federico Verger<\/strong>, quienes no residen en la localidad. Tambi\u00e9n pidieron la<em> intervenci\u00f3n de la Secretar\u00eda de Salud municipal y del intendente Hern\u00e1n Bertellys.<\/em><\/p>\n<p>&nbsp;<\/p>\n<p>Ya hubo una movilizaci\u00f3n el d\u00eda lunes y <strong>se anunci\u00f3 una nueva protesta para las 20 de este mi\u00e9rcoles frente al hospital<\/strong>.<\/p>\n<p>&nbsp;<\/p>\n<p><img data-recalc-dims=\"1\" loading=\"lazy\" decoding=\"async\" class=\"size-full wp-image-42679 aligncenter\" src=\"https:\/\/i0.wp.com\/cdnoticias.com\/wp-content\/uploads\/2021\/12\/chillar-hospital.jpg?resize=800%2C445&#038;ssl=1\" alt=\"\" width=\"800\" height=\"445\" srcset=\"https:\/\/i0.wp.com\/cdnoticias.com\/wp-content\/uploads\/2021\/12\/chillar-hospital.jpg?w=800&amp;ssl=1 800w, https:\/\/i0.wp.com\/cdnoticias.com\/wp-content\/uploads\/2021\/12\/chillar-hospital.jpg?resize=300%2C167&amp;ssl=1 300w, https:\/\/i0.wp.com\/cdnoticias.com\/wp-content\/uploads\/2021\/12\/chillar-hospital.jpg?resize=768%2C427&amp;ssl=1 768w\" sizes=\"auto, (max-width: 800px) 100vw, 800px\" \/><\/p>\n<p>&nbsp;<\/p>\n<p>Volver\u00e1n a concentrarse para pedir nuevamente la asignaci\u00f3n de <strong>profesionales de medicina para las guardias.<\/strong><\/p>\n<p>&nbsp;<\/p>\n<blockquote><p>Una de las vecinas, Mar\u00eda Marta Vivarelli, explic\u00f3 en Radio Azul que la concentraci\u00f3n del lunes fue para \u201csolidarizarnos con las enfermeras, los enfermeros, el personal auxiliar del hospital y ambulancieros\u201d que son quienes \u201cest\u00e1n dando la cara y los que ponen el pecho\u201d ante la situaci\u00f3n.<\/p><\/blockquote>\n<p>&nbsp;<\/p>\n<p>La mujer asegur\u00f3 que <strong>\u201cdesde hace mucho tiempo no hay m\u00e9dicos de guardia\u201d<\/strong> y consider\u00f3 que las respuestas que reciben por parte de las autoridades no son certeras y que se sienten ninguneados.<\/p>\n<p>&nbsp;<\/p>\n<p>Fuente y fotos: <em>Radio Azul<\/em><\/p>\n","protected":false},"excerpt":{"rendered":"<p>Los vecinos de la localidad azule\u00f1a se movilizaron con el reclamo hacia el director del centro de salud y al<\/p>\n","protected":false},"author":4,"featured_media":42678,"comment_status":"closed","ping_status":"closed","sticky":false,"template":"","format":"standard","meta":{"_jetpack_memberships_contains_paid_content":false,"footnotes":""},"categories":[6,1],"tags":[],"class_list":["post-42675","post","type-post","status-publish","format-standard","has-post-thumbnail","hentry","category-nacionales","category-portada"],"jetpack_featured_media_url":"https:\/\/i0.wp.com\/cdnoticias.com\/wp-content\/uploads\/2021\/12\/chillar-manifestacion-00.jpg?fit=800%2C445&ssl=1","jetpack_sharing_enabled":true,"_links":{"self":[{"href":"https:\/\/cdnoticias.com\/index.php\/wp-json\/wp\/v2\/posts\/42675","targetHints":{"allow":["GET"]}}],"collection":[{"href":"https:\/\/cdnoticias.com\/index.php\/wp-json\/wp\/v2\/posts"}],"about":[{"href":"https:\/\/cdnoticias.com\/index.php\/wp-json\/wp\/v2\/types\/post"}],"author":[{"embeddable":true,"href":"https:\/\/cdnoticias.com\/index.php\/wp-json\/wp\/v2\/users\/4"}],"replies":[{"embeddable":true,"href":"https:\/\/cdnoticias.com\/index.php\/wp-json\/wp\/v2\/comments?post=42675"}],"version-history":[{"count":0,"href":"https:\/\/cdnoticias.com\/index.php\/wp-json\/wp\/v2\/posts\/42675\/revisions"}],"wp:featuredmedia":[{"embeddable":true,"href":"https:\/\/cdnoticias.com\/index.php\/wp-json\/wp\/v2\/media\/42678"}],"wp:attachment":[{"href":"https:\/\/cdnoticias.com\/index.php\/wp-json\/wp\/v2\/media?parent=42675"}],"wp:term":[{"taxonomy":"category","embeddable":true,"href":"https:\/\/cdnoticias.com\/index.php\/wp-json\/wp\/v2\/categories?post=42675"},{"taxonomy":"post_tag","embeddable":true,"href":"https:\/\/cdnoticias.com\/index.php\/wp-json\/wp\/v2\/tags?post=42675"}],"curies":[{"name":"wp","href":"https:\/\/api.w.org\/{rel}","templated":true}]}}