{"id":42651,"date":"2021-12-28T21:51:24","date_gmt":"2021-12-29T00:51:24","guid":{"rendered":"http:\/\/www.centraldenoticias.com.ar\/?p=42651"},"modified":"2021-12-28T21:51:24","modified_gmt":"2021-12-29T00:51:24","slug":"el-frente-de-todos-olavarria-denuncio-a-coopelectric-ante-oceba","status":"publish","type":"post","link":"https:\/\/cdnoticias.com\/index.php\/2021\/12\/28\/el-frente-de-todos-olavarria-denuncio-a-coopelectric-ante-oceba\/","title":{"rendered":"El Frente de Todos Olavarr\u00eda denunci\u00f3 a Coopelectric ante OCEBA"},"content":{"rendered":"<p>Es por querer sumar una &#8220;cuota capital&#8221; a las facturas de enero. Adem\u00e1s se reunir\u00e1n con el INAES &#8220;para informarle del manejo de Coopelectric&#8221;.<!--more--><\/p>\n<hr \/>\n<p>Los<strong> concejales del FDT y la ex diputada nacional Liliana Schwindt<\/strong> se reunieron con las autoridades del Organismo de Control de Energ\u00eda El\u00e9ctrica de Buenos Aires ante el<a href=\"https:\/\/cdnoticias.com\/index.php\/2021\/12\/21\/coopelectric-anuncio-que-desde-enero-aplicara-la-cuota-capital-en-las-facturas-de-luz\/\" target=\"_blank\" rel=\"noopener\"> anuncio de la prestadora de cobrar un concepto extra en 2022.<\/a><\/p>\n<p>&nbsp;<\/p>\n<p>Al respecto, la ex diputada nacional Liliana Schwindt afirm\u00f3 que <em>&#8220;Coopelectric nos quiere cobrar a todas las y los usuarios una cuota extra, en concepto de &#8216;capital&#8217;, pasando por alto lo que dicta la Ley y de prepo, porque nos informan una vez que ya se emitieron las facturas&#8221;.<\/em><\/p>\n<p>&nbsp;<\/p>\n<p><em>&#8220;Tanto la Ley 11.769 en su aparatado del art\u00edculo 78, como la Resoluci\u00f3n Provincial N\u00b0 167\/18, establecen que l<strong>as distribuidoras o prestadoras de servicios p\u00fablicos s\u00f3lo podr\u00e1n incorporar conceptos ajenos a la prestaci\u00f3n con previa autorizaci\u00f3n del organismo de control, o sea OCEBA, e informando debidamente a los usuarios.<\/strong> Nada de esto sucedi\u00f3&#8221;<\/em>, agreg\u00f3 y adelant\u00f3 que a la brevedad se reunir\u00e1n tambi\u00e9n con el INAES (Instituto Nacional de Asociativismo y Econom\u00eda Social) <em>&#8220;para informarle del manejo de Coopelectric&#8221;.<\/em><\/p>\n<p>&nbsp;<\/p>\n<p>De igual manera, el concejal <strong>Juan S\u00e1nchez<\/strong> asegur\u00f3 que <em>&#8220;desde OCEBA, indicaron que en algunos casos las demoras de subsidios en algunas facturas se debe a que las prestadoras no notifican en tiempo y forma al organismo de control los balances necesarios obligatorios&#8221;<\/em>, y remarc\u00f3 que <strong><em>&#8220;si Coopelectric justifica la suma de una cuota extra &#8216;debido al congelamiento de precios&#8217;, primero debe demostrar que no est\u00e1 recibiendo los subsidios correspondientes&#8221;.<\/em><\/strong><\/p>\n<p>&nbsp;<\/p>\n<p>En la misma l\u00ednea, la concejala <strong>Telma Cazot<\/strong> se\u00f1al\u00f3: <em>&#8220;Le solicitamos a OCEBA que considere nuestro rol como &#8216;usuarios&#8217; y no accionistas, por lo que la &#8216;cuota capital&#8217; que nos quiere cobrar Coopeletric es imprudente, indebida y abusiva. <strong>Somos vecinos que necesitamos del servicio, no accionistas de una empresa<\/strong>&#8220;.<\/em><\/p>\n<p>&nbsp;<\/p>\n<p>Por su parte el concejal, <strong>Gast\u00f3n Sarachu<\/strong> destac\u00f3 la importancia de la reuni\u00f3n realizada con las autoridades de OCEBA, que permite conocer el funcionamiento y los mecanismos de control que dicho organismo tiene para la defensa de los intereses de los usuarios, ante un aumento de las caracter\u00edsticas que propone la Cooperativa El\u00e9ctrica de Olavarr\u00eda.<\/p>\n","protected":false},"excerpt":{"rendered":"<p>Es por querer sumar una &#8220;cuota capital&#8221; a las facturas de enero. Adem\u00e1s se reunir\u00e1n con el INAES &#8220;para informarle<\/p>\n","protected":false},"author":5,"featured_media":42652,"comment_status":"closed","ping_status":"closed","sticky":false,"template":"","format":"standard","meta":{"_jetpack_memberships_contains_paid_content":false,"footnotes":""},"categories":[4,1],"tags":[],"class_list":["post-42651","post","type-post","status-publish","format-standard","has-post-thumbnail","hentry","category-politica","category-portada"],"jetpack_featured_media_url":"https:\/\/i0.wp.com\/cdnoticias.com\/wp-content\/uploads\/2021\/12\/WhatsApp-Image-2021-12-28-at-19.27.22.jpeg?fit=1280%2C647&ssl=1","jetpack_sharing_enabled":true,"_links":{"self":[{"href":"https:\/\/cdnoticias.com\/index.php\/wp-json\/wp\/v2\/posts\/42651","targetHints":{"allow":["GET"]}}],"collection":[{"href":"https:\/\/cdnoticias.com\/index.php\/wp-json\/wp\/v2\/posts"}],"about":[{"href":"https:\/\/cdnoticias.com\/index.php\/wp-json\/wp\/v2\/types\/post"}],"author":[{"embeddable":true,"href":"https:\/\/cdnoticias.com\/index.php\/wp-json\/wp\/v2\/users\/5"}],"replies":[{"embeddable":true,"href":"https:\/\/cdnoticias.com\/index.php\/wp-json\/wp\/v2\/comments?post=42651"}],"version-history":[{"count":0,"href":"https:\/\/cdnoticias.com\/index.php\/wp-json\/wp\/v2\/posts\/42651\/revisions"}],"wp:featuredmedia":[{"embeddable":true,"href":"https:\/\/cdnoticias.com\/index.php\/wp-json\/wp\/v2\/media\/42652"}],"wp:attachment":[{"href":"https:\/\/cdnoticias.com\/index.php\/wp-json\/wp\/v2\/media?parent=42651"}],"wp:term":[{"taxonomy":"category","embeddable":true,"href":"https:\/\/cdnoticias.com\/index.php\/wp-json\/wp\/v2\/categories?post=42651"},{"taxonomy":"post_tag","embeddable":true,"href":"https:\/\/cdnoticias.com\/index.php\/wp-json\/wp\/v2\/tags?post=42651"}],"curies":[{"name":"wp","href":"https:\/\/api.w.org\/{rel}","templated":true}]}}