{"id":42646,"date":"2021-12-28T18:47:21","date_gmt":"2021-12-28T21:47:21","guid":{"rendered":"http:\/\/www.centraldenoticias.com.ar\/?p=42646"},"modified":"2021-12-29T08:27:41","modified_gmt":"2021-12-29T11:27:41","slug":"frente-de-todos-el-precio-podria-haber-sido-al-menos-el-doble","status":"publish","type":"post","link":"https:\/\/cdnoticias.com\/index.php\/2021\/12\/28\/frente-de-todos-el-precio-podria-haber-sido-al-menos-el-doble\/","title":{"rendered":"Frente de Todos: \u201cEl precio podr\u00eda haber sido al menos el doble\u201d"},"content":{"rendered":"<p>Al igual que lo planteado en conferencia de prensa, el espacio se mostr\u00f3 en contra de la forma en la que una calle fue vendida a Cementos Avellaneda. &#8220;Esto es un mamarracho&#8221;, enfatizaron.<!--more--><\/p>\n<hr \/>\n<p>A lo largo de m\u00e1s de 4 horas, <a href=\"https:\/\/cdnoticias.com\/index.php\/2021\/12\/27\/venta-de-una-calle-a-cementos-avellaneda-en-estas-condiciones-no-podemos-sesionar\/\" target=\"_blank\" rel=\"noopener\">al igual que en la conferencia de prensa desarrollada el \u00faltimo lunes<\/a>, en la sesi\u00f3n extraordinaria del HCD desarrollada este martes el Frente de Todos denunci\u00f3 irregularidades en el expediente que aborda la venta de una calle a Cementos Avellaneda, <a href=\"https:\/\/cdnoticias.com\/index.php\/2021\/12\/28\/por-mayoria-y-tras-un-extenso-debate-se-aprobo-la-venta-de-lotes-a-cementos-avellaneda\/\" target=\"_blank\" rel=\"noopener\">proyecto que fue votado en mayor\u00eda<\/a>. <strong>El espacio opositor insisti\u00f3 en la necesidad de que la iniciativa sea mejorada y analizada con m\u00e1s tiempo.<\/strong><\/p>\n<p>&nbsp;<\/p>\n<p><img data-recalc-dims=\"1\" loading=\"lazy\" decoding=\"async\" class=\"alignnone size-full wp-image-42552\" src=\"https:\/\/i0.wp.com\/cdnoticias.com\/wp-content\/uploads\/2021\/12\/Mercedes-Land%C3%ADvar-Wesner-Frente-de-Todos.jpg?resize=800%2C445&#038;ssl=1\" alt=\"\" width=\"800\" height=\"445\" srcset=\"https:\/\/i0.wp.com\/cdnoticias.com\/wp-content\/uploads\/2021\/12\/Mercedes-Land%C3%ADvar-Wesner-Frente-de-Todos.jpg?w=800&amp;ssl=1 800w, https:\/\/i0.wp.com\/cdnoticias.com\/wp-content\/uploads\/2021\/12\/Mercedes-Land%C3%ADvar-Wesner-Frente-de-Todos.jpg?resize=300%2C167&amp;ssl=1 300w, https:\/\/i0.wp.com\/cdnoticias.com\/wp-content\/uploads\/2021\/12\/Mercedes-Land%C3%ADvar-Wesner-Frente-de-Todos.jpg?resize=768%2C427&amp;ssl=1 768w\" sizes=\"auto, (max-width: 800px) 100vw, 800px\" \/><\/p>\n<p>&nbsp;<\/p>\n<p>El cuerpo de concejales y concejalas del Frente de Todos <strong>aclar\u00f3 nuevamente que se encuentra a favor de que la empresa Cementos Avellaneda pueda comprar una calle que est\u00e1 sobre un yacimiento que actualmente explotan<\/strong>, pero solicitaron que el municipio d\u00e9 cumplimiento a la normativa que regula este tipo de compras.<\/p>\n<p>&nbsp;<\/p>\n<p>\u201cEl proyecto estuvo 7 meses en el municipio y a fines de octubre entr\u00f3 al HCD\u00a0 para ser evaluado en 6 comisiones, si bien tenemos la voluntad de tratarlo<strong> no entendemos la premura para que sea aprobado y por lo tanto no podamos modificar varios puntos que son inconsistentes<\/strong>. Como primera medida creemos que debemos contar con otras tasaciones, debemos contemplar algunas diferencias ya que estamos hablando de la venta de un yacimiento que es patrimonio de todos los olavarrienses\u201d, agregaron desde el Frente de Todos.<\/p>\n<p>&nbsp;<\/p>\n<p><img data-recalc-dims=\"1\" loading=\"lazy\" decoding=\"async\" class=\"alignnone size-large wp-image-42571\" src=\"https:\/\/i0.wp.com\/cdnoticias.com\/wp-content\/uploads\/2021\/12\/WhatsApp-Image-2021-12-28-at-09.25.30-1.jpeg?resize=800%2C534&#038;ssl=1\" alt=\"\" width=\"800\" height=\"534\" srcset=\"https:\/\/i0.wp.com\/cdnoticias.com\/wp-content\/uploads\/2021\/12\/WhatsApp-Image-2021-12-28-at-09.25.30-1.jpeg?resize=1024%2C684&amp;ssl=1 1024w, https:\/\/i0.wp.com\/cdnoticias.com\/wp-content\/uploads\/2021\/12\/WhatsApp-Image-2021-12-28-at-09.25.30-1.jpeg?resize=300%2C200&amp;ssl=1 300w, https:\/\/i0.wp.com\/cdnoticias.com\/wp-content\/uploads\/2021\/12\/WhatsApp-Image-2021-12-28-at-09.25.30-1.jpeg?resize=768%2C513&amp;ssl=1 768w, https:\/\/i0.wp.com\/cdnoticias.com\/wp-content\/uploads\/2021\/12\/WhatsApp-Image-2021-12-28-at-09.25.30-1.jpeg?resize=272%2C182&amp;ssl=1 272w, https:\/\/i0.wp.com\/cdnoticias.com\/wp-content\/uploads\/2021\/12\/WhatsApp-Image-2021-12-28-at-09.25.30-1.jpeg?w=1280&amp;ssl=1 1280w\" sizes=\"auto, (max-width: 800px) 100vw, 800px\" \/><\/p>\n<p>&nbsp;<\/p>\n<p>En cuanto al precio estimado desde el interbloque aclararon: \u201cEste tipo de venta debe tener un tratamiento especial, <strong>nosotros vemos una diferencia significativa entre el valor real y el valor a la venta<\/strong>. Para que esto se realice correctamente debe hacerse una tasaci\u00f3n especial y por el contrario no se hizo ninguna tasaci\u00f3n solo un aval\u00fao, que si bien fue realizado por un profesional, no cumple las mismas expectativas. Por otra parte el profesional que hace el aval\u00fao, <strong>utiliza una cotizaci\u00f3n del 2004 y no contempla un mont\u00f3n de beneficios econ\u00f3micos que esta compra le dar\u00e1 a la empresa, solo da una aproximaci\u00f3n de lo que creen que puede valer. Hay una ley provincial que regula este tipo de ventas y no se est\u00e1 cumpliendo<\/strong>\u201d.<\/p>\n<p>&nbsp;<\/p>\n<p>\u201cNosotros perdemos una votaci\u00f3n, pero los que m\u00e1s pierden son todos\u00a0 los vecinos de Olavarr\u00eda, <strong>el precio podr\u00eda haber sido al menos del doble, el intendente nos priva de que se recaude el doble y que eso se destine a obras<\/strong>. La venta m\u00e1s importante que realiza el municipio de Olavarr\u00eda en los \u00faltimos 30 a\u00f1os la estamos\u00a0 haciendo a espaldas del pueblo, estoy esperando que alguien diga que la inocencia te valga, creemos en la producci\u00f3n y el empleo, no estamos en contra del proyecto productivo, pero la verdad que miramos el informe del aval\u00fao y deja much\u00edsimo que desear. <strong>Esto es un mamarracho, el firmante del aval\u00fao, qui\u00e9n presenta el precio que deber\u00edan pagar, tiene como principal cliente a Cementos Avellaneda<\/strong>\u201d, concluyeron desde el interbloque.<\/p>\n","protected":false},"excerpt":{"rendered":"<p>Al igual que lo planteado en conferencia de prensa, el espacio se mostr\u00f3 en contra de la forma en la<\/p>\n","protected":false},"author":3,"featured_media":42580,"comment_status":"closed","ping_status":"closed","sticky":false,"template":"","format":"standard","meta":{"_jetpack_memberships_contains_paid_content":false,"footnotes":""},"categories":[4],"tags":[],"class_list":["post-42646","post","type-post","status-publish","format-standard","has-post-thumbnail","hentry","category-politica"],"jetpack_featured_media_url":"https:\/\/i0.wp.com\/cdnoticias.com\/wp-content\/uploads\/2021\/12\/HCD-cuarto-intermedio1.jpg?fit=800%2C445&ssl=1","jetpack_sharing_enabled":true,"_links":{"self":[{"href":"https:\/\/cdnoticias.com\/index.php\/wp-json\/wp\/v2\/posts\/42646","targetHints":{"allow":["GET"]}}],"collection":[{"href":"https:\/\/cdnoticias.com\/index.php\/wp-json\/wp\/v2\/posts"}],"about":[{"href":"https:\/\/cdnoticias.com\/index.php\/wp-json\/wp\/v2\/types\/post"}],"author":[{"embeddable":true,"href":"https:\/\/cdnoticias.com\/index.php\/wp-json\/wp\/v2\/users\/3"}],"replies":[{"embeddable":true,"href":"https:\/\/cdnoticias.com\/index.php\/wp-json\/wp\/v2\/comments?post=42646"}],"version-history":[{"count":0,"href":"https:\/\/cdnoticias.com\/index.php\/wp-json\/wp\/v2\/posts\/42646\/revisions"}],"wp:featuredmedia":[{"embeddable":true,"href":"https:\/\/cdnoticias.com\/index.php\/wp-json\/wp\/v2\/media\/42580"}],"wp:attachment":[{"href":"https:\/\/cdnoticias.com\/index.php\/wp-json\/wp\/v2\/media?parent=42646"}],"wp:term":[{"taxonomy":"category","embeddable":true,"href":"https:\/\/cdnoticias.com\/index.php\/wp-json\/wp\/v2\/categories?post=42646"},{"taxonomy":"post_tag","embeddable":true,"href":"https:\/\/cdnoticias.com\/index.php\/wp-json\/wp\/v2\/tags?post=42646"}],"curies":[{"name":"wp","href":"https:\/\/api.w.org\/{rel}","templated":true}]}}