{"id":42639,"date":"2021-12-28T17:30:41","date_gmt":"2021-12-28T20:30:41","guid":{"rendered":"http:\/\/www.centraldenoticias.com.ar\/?p=42639"},"modified":"2021-12-28T17:30:41","modified_gmt":"2021-12-28T20:30:41","slug":"fortuna-de-filippo-vda-de-arizaga-q-e-p-d","status":"publish","type":"post","link":"https:\/\/cdnoticias.com\/index.php\/2021\/12\/28\/fortuna-de-filippo-vda-de-arizaga-q-e-p-d\/","title":{"rendered":"Fortuna de Filippo vda. de Arizaga (Q.E.P.D.)"},"content":{"rendered":"<p>Falleci\u00f3 en Olavarr\u00eda el 28 de diciembre a los 93 a\u00f1os de edad. Sus hijos N\u00e9stor Arizaga, Eduardo Arizaga y Sonia Arizaga; sus hijos pol\u00edticos Ana Mar\u00eda Lazzaron y Niver Cusato; sus nietos Arizaga Andrea, Arizaga Enzo, Arizaga Fernando, Cusato Manuel, Cusato Santiago, Cusato Mar\u00eda P\u00eda, Arizaga Gonzalo, Arizaga Ariel; su bisnieta Arizaga Sof\u00eda y dem\u00e1s deudos participan su fallecimiento.<\/p>\n<p>&nbsp;<\/p>\n<p>Sus restos no ser\u00e1n velados y ser\u00e1n inhumados en el cementerio Loma de Paz este mi\u00e9rcoles 29 de diciembre a las 10:30. Vecina de Pueblo Nuevo. Nacida en Capital Federal. Jubilada y Pensionada.<\/p>\n","protected":false},"excerpt":{"rendered":"<p>Falleci\u00f3 en Olavarr\u00eda el 28 de diciembre a los 93 a\u00f1os de edad. Sus hijos N\u00e9stor Arizaga, Eduardo Arizaga y<\/p>\n","protected":false},"author":5,"featured_media":0,"comment_status":"closed","ping_status":"closed","sticky":false,"template":"","format":"standard","meta":{"_jetpack_memberships_contains_paid_content":false,"footnotes":""},"categories":[10],"tags":[],"class_list":["post-42639","post","type-post","status-publish","format-standard","hentry","category-necrologicas"],"jetpack_featured_media_url":"","jetpack_sharing_enabled":true,"_links":{"self":[{"href":"https:\/\/cdnoticias.com\/index.php\/wp-json\/wp\/v2\/posts\/42639","targetHints":{"allow":["GET"]}}],"collection":[{"href":"https:\/\/cdnoticias.com\/index.php\/wp-json\/wp\/v2\/posts"}],"about":[{"href":"https:\/\/cdnoticias.com\/index.php\/wp-json\/wp\/v2\/types\/post"}],"author":[{"embeddable":true,"href":"https:\/\/cdnoticias.com\/index.php\/wp-json\/wp\/v2\/users\/5"}],"replies":[{"embeddable":true,"href":"https:\/\/cdnoticias.com\/index.php\/wp-json\/wp\/v2\/comments?post=42639"}],"version-history":[{"count":0,"href":"https:\/\/cdnoticias.com\/index.php\/wp-json\/wp\/v2\/posts\/42639\/revisions"}],"wp:attachment":[{"href":"https:\/\/cdnoticias.com\/index.php\/wp-json\/wp\/v2\/media?parent=42639"}],"wp:term":[{"taxonomy":"category","embeddable":true,"href":"https:\/\/cdnoticias.com\/index.php\/wp-json\/wp\/v2\/categories?post=42639"},{"taxonomy":"post_tag","embeddable":true,"href":"https:\/\/cdnoticias.com\/index.php\/wp-json\/wp\/v2\/tags?post=42639"}],"curies":[{"name":"wp","href":"https:\/\/api.w.org\/{rel}","templated":true}]}}