{"id":42635,"date":"2021-12-29T13:23:05","date_gmt":"2021-12-29T16:23:05","guid":{"rendered":"http:\/\/www.centraldenoticias.com.ar\/?p=42635"},"modified":"2021-12-29T13:23:05","modified_gmt":"2021-12-29T16:23:05","slug":"la-mesa-de-diversidad-elaboro-un-recursero-local","status":"publish","type":"post","link":"https:\/\/cdnoticias.com\/index.php\/2021\/12\/29\/la-mesa-de-diversidad-elaboro-un-recursero-local\/","title":{"rendered":"La Mesa de Diversidad elabor\u00f3 un recursero local"},"content":{"rendered":"<p>El recursero contiene informaci\u00f3n clara y operativa\u00a0de la red institucional integrada por organizaciones estatales y civiles en materia de diversidad.<!--more--><\/p>\n<hr \/>\n<p>&nbsp;<\/p>\n<p>El Municipio de Olavarr\u00eda, a trav\u00e9s del \u00e1rea de <strong>Diversidad Sexual de la Direcci\u00f3n de Pol\u00edticas de G\u00e9nero<\/strong>, inform\u00f3 que <strong>han elaborado un recursero local en materia de diversidad y atenci\u00f3n integral del colectivo disidente<\/strong>, en corresponsabilidad con la <strong>Mesa Intersectorial de Diversidad Sexual.<\/strong><\/p>\n<p>&nbsp;<\/p>\n<p>Esta pieza<strong> condensa informaci\u00f3n clara y operativa de la red institucional integrada por organizaciones estatales y civiles en materia de diversidad,<\/strong> para vehiculizar las<strong> demandas de manera \u00e1gil y efectiva<\/strong>. Est\u00e1 <strong>disponible en versi\u00f3n gr\u00e1fica<\/strong> en los diferentes servicios que componen el <strong>circuito de atenci\u00f3n, y en formato digital<\/strong> en el\u00a0<a href=\"https:\/\/www.olavarria.gov.ar\/wp-content\/uploads\/2021\/12\/Recursero_colectivo_disidente-scaled.jpg\" target=\"_blank\" rel=\"noopener\">siguiente link.<\/a><\/p>\n<p>&nbsp;<\/p>\n<p>&#8220;El <strong>recursero<\/strong> es producto del<strong> trabajo en conjunto<\/strong> de la<strong> Direcci\u00f3n de Pol\u00edticas de G\u00e9nero <\/strong>con las<strong> organizaciones estatales y civiles que forman parte de la Mesa de Diversidad Sexual<\/strong>, un espacio participativo que nuclea a personas e instituciones <strong>comprometidas en la causa de la diversidad para definir estrategias de acci\u00f3n<\/strong> y gestionar en corresponsabilidad, sobre la base del armado de una agenda de trabajo com\u00fan. Fue posible gracias al <strong>aporte de informaci\u00f3n de cada organismo<\/strong>, y la<strong> colaboraci\u00f3n del \u00e1rea de Dise\u00f1o e Imagen institucional del Municipio<\/strong>, que le dio forma gr\u00e1fica a la propuesta&#8221; se indic\u00f3.<\/p>\n<p>&nbsp;<\/p>\n<p><img data-recalc-dims=\"1\" loading=\"lazy\" decoding=\"async\" class=\"aligncenter wp-image-42637 size-large\" src=\"https:\/\/i0.wp.com\/cdnoticias.com\/wp-content\/uploads\/2021\/12\/Recursero_colectivo_disidente-scaled.jpg?resize=684%2C1024&#038;ssl=1\" alt=\"\" width=\"684\" height=\"1024\" srcset=\"https:\/\/i0.wp.com\/cdnoticias.com\/wp-content\/uploads\/2021\/12\/Recursero_colectivo_disidente-scaled.jpg?resize=684%2C1024&amp;ssl=1 684w, https:\/\/i0.wp.com\/cdnoticias.com\/wp-content\/uploads\/2021\/12\/Recursero_colectivo_disidente-scaled.jpg?resize=200%2C300&amp;ssl=1 200w, https:\/\/i0.wp.com\/cdnoticias.com\/wp-content\/uploads\/2021\/12\/Recursero_colectivo_disidente-scaled.jpg?resize=768%2C1150&amp;ssl=1 768w, https:\/\/i0.wp.com\/cdnoticias.com\/wp-content\/uploads\/2021\/12\/Recursero_colectivo_disidente-scaled.jpg?w=1709&amp;ssl=1 1709w, https:\/\/i0.wp.com\/cdnoticias.com\/wp-content\/uploads\/2021\/12\/Recursero_colectivo_disidente-scaled.jpg?w=1600&amp;ssl=1 1600w\" sizes=\"auto, (max-width: 684px) 100vw, 684px\" \/><\/p>\n<p>&nbsp;<\/p>\n<p>La <strong>directora de Pol\u00edticas de G\u00e9nero, Florencia Ju\u00e1rez<\/strong> manifest\u00f3 su <strong>satisfacci\u00f3n por concretar esta iniciativa,<\/strong> y su importancia a la hora de <strong>garantizar derechos a las personas del colectivo a trav\u00e9s de la informaci\u00f3n.<\/strong>\u00a0<em>\u201c<\/em>Celebramos haber concretado la producci\u00f3n de esta pieza fundamental para <strong>proveer la informaci\u00f3n precisa y confiable en materia de atenci\u00f3n del colectivo<\/strong>, que adem\u00e1s de condensar todos los servicios en un mismo formato, visibiliza el trabajo de cada \u00e1rea integrante del circuito de atenci\u00f3n integral, y est\u00e1 a disposici\u00f3n de manera pr\u00e1ctica en un <strong>formato pocket, y de manera virtual<\/strong> para quienes deseen consultar, o compartir la informaci\u00f3n\u201d,\u00a0destac\u00f3.<\/p>\n<p>&nbsp;<\/p>\n<p>Al mismo tiempo, Ju\u00e1rez hizo hincapi\u00e9 en que\u00a0<strong>\u201cno ha sido f\u00e1cil lograr este objetivo,<\/strong> porque hemos tenido que <strong>revisar colectivamente la informaci\u00f3n,<\/strong> consensuar y hacer ajustes en el proceso, pero lo hemos logrado, y nos colma de satisfacci\u00f3n que este recursero <strong>est\u00e9 en circulaci\u00f3n y facilite el camino a muchas personas del colectivo<\/strong> en el circuito de atenci\u00f3n oficial, y con las organizaciones vinculadas que tambi\u00e9n trabajan por la causa de la diversidad\u201d.<\/p>\n<p>&nbsp;<\/p>\n","protected":false},"excerpt":{"rendered":"<p>El recursero contiene informaci\u00f3n clara y operativa\u00a0de la red institucional integrada por organizaciones estatales y civiles en materia de diversidad.<\/p>\n","protected":false},"author":6,"featured_media":42636,"comment_status":"closed","ping_status":"closed","sticky":false,"template":"","format":"standard","meta":{"_jetpack_memberships_contains_paid_content":false,"footnotes":""},"categories":[3,1],"tags":[],"class_list":["post-42635","post","type-post","status-publish","format-standard","has-post-thumbnail","hentry","category-genero","category-portada"],"jetpack_featured_media_url":"https:\/\/i0.wp.com\/cdnoticias.com\/wp-content\/uploads\/2021\/12\/DH-G%C3%A9nero-Florencia-Juarez-1024x683.jpg?fit=1024%2C683&ssl=1","jetpack_sharing_enabled":true,"_links":{"self":[{"href":"https:\/\/cdnoticias.com\/index.php\/wp-json\/wp\/v2\/posts\/42635","targetHints":{"allow":["GET"]}}],"collection":[{"href":"https:\/\/cdnoticias.com\/index.php\/wp-json\/wp\/v2\/posts"}],"about":[{"href":"https:\/\/cdnoticias.com\/index.php\/wp-json\/wp\/v2\/types\/post"}],"author":[{"embeddable":true,"href":"https:\/\/cdnoticias.com\/index.php\/wp-json\/wp\/v2\/users\/6"}],"replies":[{"embeddable":true,"href":"https:\/\/cdnoticias.com\/index.php\/wp-json\/wp\/v2\/comments?post=42635"}],"version-history":[{"count":0,"href":"https:\/\/cdnoticias.com\/index.php\/wp-json\/wp\/v2\/posts\/42635\/revisions"}],"wp:featuredmedia":[{"embeddable":true,"href":"https:\/\/cdnoticias.com\/index.php\/wp-json\/wp\/v2\/media\/42636"}],"wp:attachment":[{"href":"https:\/\/cdnoticias.com\/index.php\/wp-json\/wp\/v2\/media?parent=42635"}],"wp:term":[{"taxonomy":"category","embeddable":true,"href":"https:\/\/cdnoticias.com\/index.php\/wp-json\/wp\/v2\/categories?post=42635"},{"taxonomy":"post_tag","embeddable":true,"href":"https:\/\/cdnoticias.com\/index.php\/wp-json\/wp\/v2\/tags?post=42635"}],"curies":[{"name":"wp","href":"https:\/\/api.w.org\/{rel}","templated":true}]}}