{"id":42605,"date":"2021-12-29T08:22:21","date_gmt":"2021-12-29T11:22:21","guid":{"rendered":"http:\/\/www.centraldenoticias.com.ar\/?p=42605"},"modified":"2021-12-29T09:07:01","modified_gmt":"2021-12-29T12:07:01","slug":"se-realizaran-trabajos-de-bacheo-en-avenida-avellaneda","status":"publish","type":"post","link":"https:\/\/cdnoticias.com\/index.php\/2021\/12\/29\/se-realizaran-trabajos-de-bacheo-en-avenida-avellaneda\/","title":{"rendered":"Se realizar\u00e1n trabajos de bacheo en avenida Avellaneda"},"content":{"rendered":"<p>Ser\u00e1 este mi\u00e9rcoles 29\u00a0de 7:00 a 12:00.\u00a0Se solicita circular con extrema precauci\u00f3n en la zona.<!--more--><\/p>\n<hr \/>\n<p>&nbsp;<\/p>\n<p>Desde la <strong>Secretar\u00eda de Obras P\u00fablicas y Mantenimiento Urbano<\/strong> se inform\u00f3 que este<strong> mi\u00e9rcoles 29 de diciembre, de 7:00 a 12:00<\/strong> se desarrollar\u00e1n<strong> trabajos de bacheo en avenida Avellaneda,<\/strong> desde <strong>Ruta Provincial N\u00ba 51<\/strong> hasta el acceso al country (Calle 157).<\/p>\n<p>&nbsp;<\/p>\n<blockquote class=\"twitter-tweet\">\n<p dir=\"ltr\" lang=\"es\">\ud83d\udea7 Comenzaron los trabajos de <a href=\"https:\/\/twitter.com\/hashtag\/bacheo?src=hash&amp;ref_src=twsrc%5Etfw\">#bacheo<\/a> en Av. Avellaneda <a href=\"https:\/\/t.co\/RIiOXskxXm\">pic.twitter.com\/RIiOXskxXm<\/a><\/p>\n<p>\u2014 Olavarria Municipio (@MuniOlav) <a href=\"https:\/\/twitter.com\/MuniOlav\/status\/1476150179619385351?ref_src=twsrc%5Etfw\">December 29, 2021<\/a><\/p><\/blockquote>\n<p><script async src=\"https:\/\/platform.twitter.com\/widgets.js\" charset=\"utf-8\"><\/script><\/p>\n<p>Por lo tanto, quienes circulen desde Olavarr\u00eda en direcci\u00f3n a RP N\u00ba 51, deber\u00e1n<strong> desviarse en Calle 157, tomar avenida Pueyrred\u00f3n para salir por ruta<\/strong>. En tanto quienes ingresen a la ciudad por RP N\u00ba 51, deber\u00e1n hacerlo por<strong> avenida Pueyrred\u00f3n, doblar en Calle 157, hasta avenida Avellaneda<\/strong>, para retornar a la planta urbana.<\/p>\n<p>&nbsp;<\/p>\n<p>Se solicita<strong> circular con extrema precauci\u00f3n en la zona y respetar la se\u00f1alizaci\u00f3n existente.<\/strong> Asimismo en el lugar habr\u00e1 <strong>presencia de personal y m\u00f3viles de Control Urbano.<\/strong><\/p>\n","protected":false},"excerpt":{"rendered":"<p>Ser\u00e1 este mi\u00e9rcoles 29\u00a0de 7:00 a 12:00.\u00a0Se solicita circular con extrema precauci\u00f3n en la zona.<\/p>\n","protected":false},"author":6,"featured_media":42259,"comment_status":"closed","ping_status":"closed","sticky":false,"template":"","format":"standard","meta":{"_jetpack_memberships_contains_paid_content":false,"footnotes":""},"categories":[5,1],"tags":[],"class_list":["post-42605","post","type-post","status-publish","format-standard","has-post-thumbnail","hentry","category-informacion-general","category-portada"],"jetpack_featured_media_url":"https:\/\/i0.wp.com\/cdnoticias.com\/wp-content\/uploads\/2021\/12\/Obras-Bacheo-en-San-Vicente-4.jpg?fit=1600%2C1200&ssl=1","jetpack_sharing_enabled":true,"_links":{"self":[{"href":"https:\/\/cdnoticias.com\/index.php\/wp-json\/wp\/v2\/posts\/42605","targetHints":{"allow":["GET"]}}],"collection":[{"href":"https:\/\/cdnoticias.com\/index.php\/wp-json\/wp\/v2\/posts"}],"about":[{"href":"https:\/\/cdnoticias.com\/index.php\/wp-json\/wp\/v2\/types\/post"}],"author":[{"embeddable":true,"href":"https:\/\/cdnoticias.com\/index.php\/wp-json\/wp\/v2\/users\/6"}],"replies":[{"embeddable":true,"href":"https:\/\/cdnoticias.com\/index.php\/wp-json\/wp\/v2\/comments?post=42605"}],"version-history":[{"count":0,"href":"https:\/\/cdnoticias.com\/index.php\/wp-json\/wp\/v2\/posts\/42605\/revisions"}],"wp:featuredmedia":[{"embeddable":true,"href":"https:\/\/cdnoticias.com\/index.php\/wp-json\/wp\/v2\/media\/42259"}],"wp:attachment":[{"href":"https:\/\/cdnoticias.com\/index.php\/wp-json\/wp\/v2\/media?parent=42605"}],"wp:term":[{"taxonomy":"category","embeddable":true,"href":"https:\/\/cdnoticias.com\/index.php\/wp-json\/wp\/v2\/categories?post=42605"},{"taxonomy":"post_tag","embeddable":true,"href":"https:\/\/cdnoticias.com\/index.php\/wp-json\/wp\/v2\/tags?post=42605"}],"curies":[{"name":"wp","href":"https:\/\/api.w.org\/{rel}","templated":true}]}}