{"id":42601,"date":"2021-12-28T15:16:45","date_gmt":"2021-12-28T18:16:45","guid":{"rendered":"http:\/\/www.centraldenoticias.com.ar\/?p=42601"},"modified":"2021-12-28T15:33:45","modified_gmt":"2021-12-28T18:33:45","slug":"olavarria-en-alerta-amarillo-por-las-altas-temperaturas","status":"publish","type":"post","link":"https:\/\/cdnoticias.com\/index.php\/2021\/12\/28\/olavarria-en-alerta-amarillo-por-las-altas-temperaturas\/","title":{"rendered":"Olavarr\u00eda en alerta \u201camarillo\u201d por las altas temperaturas"},"content":{"rendered":"<p>Para este martes se prev\u00e9 una m\u00e1xima de 36\u00b0. Cu\u00e1les son las recomendaciones para evitar que el calor afecte nuestra salud.<!--more--><\/p>\n<hr \/>\n<p>Un verdadero horno. Eso ha sido la ciudad en lo que va de la jornada de este martes, con un calor que se hizo sentir desde muy temprano y que se agudiz\u00f3 con el correr de las horas, tal es as\u00ed que <strong>la m\u00ednima de la jornada fue de casi 18\u00b0 sobre el cierre de la madrugada y el comienzo de la ma\u00f1ana.<\/strong><\/p>\n<p>&nbsp;<\/p>\n<p><img data-recalc-dims=\"1\" loading=\"lazy\" decoding=\"async\" class=\"alignnone size-full wp-image-42602\" src=\"https:\/\/i0.wp.com\/cdnoticias.com\/wp-content\/uploads\/2021\/12\/detalle.jpg?resize=642%2C365&#038;ssl=1\" alt=\"\" width=\"642\" height=\"365\" srcset=\"https:\/\/i0.wp.com\/cdnoticias.com\/wp-content\/uploads\/2021\/12\/detalle.jpg?w=642&amp;ssl=1 642w, https:\/\/i0.wp.com\/cdnoticias.com\/wp-content\/uploads\/2021\/12\/detalle.jpg?resize=300%2C171&amp;ssl=1 300w\" sizes=\"auto, (max-width: 642px) 100vw, 642px\" \/><\/p>\n<p>&nbsp;<\/p>\n<p>En el inicio de la tarde, <strong>seg\u00fan el reporte de las 15 de la Estaci\u00f3n Meteorol\u00f3gica local, el term\u00f3metro marc\u00f3 32.8\u00b0<\/strong> pero la sensaci\u00f3n t\u00e9rmica estuvo por encima de los 34\u00b0 (34.7\u00b0 para ser precisos). Lo que ratifica esta situaci\u00f3n es que<strong> Olavarr\u00eda y varios distritos de la regi\u00f3n se encuentran alcanzados por un alerta amarillo por altas temperaturas<\/strong>, de acuerdo fue informado desde el Servicio Meteorol\u00f3gico Nacional en su portal oficial.<\/p>\n<p>&nbsp;<\/p>\n<p>Gran parte del centro y norte bonaerense se encuentra de color amarillo en el apartado de temperaturas extremas. All\u00ed se detall\u00f3 que el \u201cnivel amarillo\u201d se traduce en un posible \u201cefecto leve a moderado en la salud\u201d.<strong> \u201cPueden ser peligrosas, sobre todo para los grupos de riesgo, como beb\u00e9s y ni\u00f1os peque\u00f1os, mayores de 65 a\u00f1os y personas con enfermedades cr\u00f3nicas\u201d<\/strong>, se agreg\u00f3.<\/p>\n<p>&nbsp;<\/p>\n<p><img data-recalc-dims=\"1\" loading=\"lazy\" decoding=\"async\" class=\"alignnone size-large wp-image-42604\" src=\"https:\/\/i0.wp.com\/cdnoticias.com\/wp-content\/uploads\/2021\/12\/mapa-amarillo-02.jpg?resize=800%2C531&#038;ssl=1\" alt=\"\" width=\"800\" height=\"531\" srcset=\"https:\/\/i0.wp.com\/cdnoticias.com\/wp-content\/uploads\/2021\/12\/mapa-amarillo-02.jpg?resize=1024%2C680&amp;ssl=1 1024w, https:\/\/i0.wp.com\/cdnoticias.com\/wp-content\/uploads\/2021\/12\/mapa-amarillo-02.jpg?resize=300%2C199&amp;ssl=1 300w, https:\/\/i0.wp.com\/cdnoticias.com\/wp-content\/uploads\/2021\/12\/mapa-amarillo-02.jpg?resize=768%2C510&amp;ssl=1 768w, https:\/\/i0.wp.com\/cdnoticias.com\/wp-content\/uploads\/2021\/12\/mapa-amarillo-02.jpg?resize=272%2C182&amp;ssl=1 272w, https:\/\/i0.wp.com\/cdnoticias.com\/wp-content\/uploads\/2021\/12\/mapa-amarillo-02.jpg?w=1062&amp;ssl=1 1062w\" sizes=\"auto, (max-width: 800px) 100vw, 800px\" \/><\/p>\n<p>&nbsp;<\/p>\n<p>\u201cEl SAT-Temperaturas Extremas (SAT, Sistema de Alerta Temprana) es una herramienta que anticipa a la poblaci\u00f3n acerca de situaciones meteorol\u00f3gicas extremas de temperaturas y sus posibles efectos en la salud y mortalidad. <strong>El objetivo es que tanto la poblaci\u00f3n como los organismos de protecci\u00f3n civil puedan tomar las medidas de prevenci\u00f3n, mitigaci\u00f3n y de respuesta adecuadas a cada nivel de alerta<\/strong>\u201d, se detall\u00f3 en ese mismo apartado del sitio.<\/p>\n<p>&nbsp;<\/p>\n<p>Vale dar cuenta que <strong>para lo que resta de este martes se prev\u00e9 una m\u00e1xima de 36\u00b0 y 28\u00b0 durante la noche<\/strong>. Asimismo, tambi\u00e9n el pron\u00f3stico indica probabilidad de chaparrones en la tarde. Las condiciones ser\u00e1n muy similares el mi\u00e9rcoles, <strong>tanto por una m\u00e1xima prevista en 35\u00b0 como en la posibilidad de precipitaciones durante el resto de la jornada.<\/strong><\/p>\n<p>&nbsp;<\/p>\n<p><em><strong>Consejos<\/strong><\/em><\/p>\n<p>&nbsp;<\/p>\n<p>Adem\u00e1s de dar cuenta de las altas temperaturas, desde el Servicio Meteorol\u00f3gico Nacional se compartieron una serie de recomendaciones a tener en cuenta en d\u00edas de altas temperaturas. Las compartimos a continuaci\u00f3n:<\/p>\n<ul>\n<li>Aumentar el consumo de l\u00edquidos sin esperar a tener sed para mantener una hidrataci\u00f3n adecuada.<\/li>\n<li>No exponerse al sol en exceso, ni en horas centrales del d\u00eda (entre las 11 y las 17 horas).<\/li>\n<li>Evitar las bebidas alcoh\u00f3licas o muy azucaradas.<\/li>\n<li>Evitar comidas muy abundantes<\/li>\n<li>Ingerir verduras y frutas.<\/li>\n<li>Reducir la actividad f\u00edsica.<\/li>\n<li>Usar ropa ligera, holgada y de colores claros; sombrero, anteojos oscuros.<\/li>\n<li>Permanecer en espacios ventilados o acondicionados.<\/li>\n<li>Recordar que no existe un tratamiento farmacol\u00f3gico contra el Golpe de Calor y s\u00f3lo los m\u00e9todos cl\u00e1sicos, citados arriba, pueden prevenirlo y contrarrestarlo.<\/li>\n<\/ul>\n<p>&nbsp;<\/p>\n<p>Ante sed intensa y sequedad en la boca, temperatura mayor a 39\u00ba C, sudoraci\u00f3n excesiva, sensaci\u00f3n de calor sofocante, piel seca, agotamiento, mareos o desmayo, dolores de est\u00f3mago, falta de apetito, n\u00e1useas o v\u00f3mitos, dolores de cabeza, entre otros, se deber\u00e1 actuar de la siguiente manera:<\/p>\n<p>&nbsp;<\/p>\n<ul>\n<li>Solicitar de inmediato asistencia m\u00e9dica.<\/li>\n<li>Trasladar a la persona afectada a la sombra, a un lugar fresco y tranquilo.<\/li>\n<li>Intentar refrescarla, mojarle la ropa y darle de beber agua fresca.<\/li>\n<\/ul>\n","protected":false},"excerpt":{"rendered":"<p>Para este martes se prev\u00e9 una m\u00e1xima de 36\u00b0. Cu\u00e1les son las recomendaciones para evitar que el calor afecte nuestra<\/p>\n","protected":false},"author":3,"featured_media":42603,"comment_status":"closed","ping_status":"closed","sticky":false,"template":"","format":"standard","meta":{"_jetpack_memberships_contains_paid_content":false,"footnotes":""},"categories":[5,1],"tags":[],"class_list":["post-42601","post","type-post","status-publish","format-standard","has-post-thumbnail","hentry","category-informacion-general","category-portada"],"jetpack_featured_media_url":"https:\/\/i0.wp.com\/cdnoticias.com\/wp-content\/uploads\/2021\/12\/lorca.jpg?fit=800%2C445&ssl=1","jetpack_sharing_enabled":true,"_links":{"self":[{"href":"https:\/\/cdnoticias.com\/index.php\/wp-json\/wp\/v2\/posts\/42601","targetHints":{"allow":["GET"]}}],"collection":[{"href":"https:\/\/cdnoticias.com\/index.php\/wp-json\/wp\/v2\/posts"}],"about":[{"href":"https:\/\/cdnoticias.com\/index.php\/wp-json\/wp\/v2\/types\/post"}],"author":[{"embeddable":true,"href":"https:\/\/cdnoticias.com\/index.php\/wp-json\/wp\/v2\/users\/3"}],"replies":[{"embeddable":true,"href":"https:\/\/cdnoticias.com\/index.php\/wp-json\/wp\/v2\/comments?post=42601"}],"version-history":[{"count":0,"href":"https:\/\/cdnoticias.com\/index.php\/wp-json\/wp\/v2\/posts\/42601\/revisions"}],"wp:featuredmedia":[{"embeddable":true,"href":"https:\/\/cdnoticias.com\/index.php\/wp-json\/wp\/v2\/media\/42603"}],"wp:attachment":[{"href":"https:\/\/cdnoticias.com\/index.php\/wp-json\/wp\/v2\/media?parent=42601"}],"wp:term":[{"taxonomy":"category","embeddable":true,"href":"https:\/\/cdnoticias.com\/index.php\/wp-json\/wp\/v2\/categories?post=42601"},{"taxonomy":"post_tag","embeddable":true,"href":"https:\/\/cdnoticias.com\/index.php\/wp-json\/wp\/v2\/tags?post=42601"}],"curies":[{"name":"wp","href":"https:\/\/api.w.org\/{rel}","templated":true}]}}