{"id":42592,"date":"2021-12-28T14:22:35","date_gmt":"2021-12-28T17:22:35","guid":{"rendered":"http:\/\/www.centraldenoticias.com.ar\/?p=42592"},"modified":"2021-12-28T17:58:53","modified_gmt":"2021-12-28T20:58:53","slug":"por-mayoria-y-tras-un-extenso-debate-se-aprobo-la-venta-de-lotes-a-cementos-avellaneda","status":"publish","type":"post","link":"https:\/\/cdnoticias.com\/index.php\/2021\/12\/28\/por-mayoria-y-tras-un-extenso-debate-se-aprobo-la-venta-de-lotes-a-cementos-avellaneda\/","title":{"rendered":"Por mayor\u00eda y tras un extenso debate se aprob\u00f3 la venta de lotes a Cementos Avellaneda"},"content":{"rendered":"<p>El oficialismo busc\u00f3 destacar la labor interdisciplinaria y de numerosos organismos para el desarrollo del proyecto. La oposici\u00f3n hizo hincapi\u00e9 en las \u201cirregularidades del expediente\u201d.<!--more--><\/p>\n<hr \/>\n<p><strong>Por mayor\u00eda, el Concejo Deliberante aprob\u00f3 la venta de lotes a Cementos Avellaneda<\/strong>: los dos proyectos que estuvieron en tratamiento se votaron por mayor\u00eda, aunque con distinta composici\u00f3n.<\/p>\n<p>&nbsp;<\/p>\n<p>En ambos casos, <strong>Juntos y UCR-Juntos dieron los avales necesarios<\/strong> para que el expediente lograra la aprobaci\u00f3n.<\/p>\n<p>&nbsp;<\/p>\n<p>El <strong>oficialismo<\/strong> centr\u00f3 sus intervenciones en destacar la labor interdisciplinaria y de numerosos organismos para el desarrollo del proyecto. Por su lado, la <strong>oposici\u00f3n<\/strong> hizo hincapi\u00e9 en las \u201cirregularidades del expediente\u201d, especialmente la ausencia de una tasaci\u00f3n oficial, y en la falta de tiempo para el estudio adecuado.<\/p>\n<p>&nbsp;<\/p>\n<p><img data-recalc-dims=\"1\" loading=\"lazy\" decoding=\"async\" class=\"size-full wp-image-42581 aligncenter\" src=\"https:\/\/i0.wp.com\/cdnoticias.com\/wp-content\/uploads\/2021\/12\/HCD-endere.jpg?resize=800%2C445&#038;ssl=1\" alt=\"\" width=\"800\" height=\"445\" srcset=\"https:\/\/i0.wp.com\/cdnoticias.com\/wp-content\/uploads\/2021\/12\/HCD-endere.jpg?w=800&amp;ssl=1 800w, https:\/\/i0.wp.com\/cdnoticias.com\/wp-content\/uploads\/2021\/12\/HCD-endere.jpg?resize=300%2C167&amp;ssl=1 300w, https:\/\/i0.wp.com\/cdnoticias.com\/wp-content\/uploads\/2021\/12\/HCD-endere.jpg?resize=768%2C427&amp;ssl=1 768w\" sizes=\"auto, (max-width: 800px) 100vw, 800px\" \/><\/p>\n<p>&nbsp;<\/p>\n<p><strong>La desafectaci\u00f3n de la calle<\/strong><\/p>\n<p>&nbsp;<\/p>\n<p>El encargado de presentar la iniciativa fue <strong>el concejal Mart\u00edn Endere, de Juntos<\/strong>, quien destac\u00f3 que se trataba de dos proyectos: el primero fue la deshabilitaci\u00f3n del tramo a la venta, de casi 4 hect\u00e1reas, del espacio p\u00fablico y, el segundo, la cesi\u00f3n de ese sector a la empresa Cementos Avellaneda.\u00a0<strong>\u201cEs una calle del Paraje San Jacinto del partido de Olavarr\u00eda que divide la explotaci\u00f3n La Caba\u00f1ita\u201d<\/strong> dijo.<\/p>\n<p>&nbsp;<\/p>\n<p>Luego hizo hincapi\u00e9 en la labor que <strong>\u201cel Municipio y la Subsecretar\u00eda de Miner\u00eda de la Provincia\u201d<\/strong> hicieron para desarrollar el proyecto que se analiz\u00f3 en el HCD.<\/p>\n<p>&nbsp;<\/p>\n<p>Acerca de la circulaci\u00f3n en el sector adelant\u00f3 que \u201cexiste la obligaci\u00f3n de la empresa de hacer una traza\u201d de la que dijo que tendr\u00e1 unos 2.800 metros. \u201cSe gener\u00f3 una traza nueva con un ancho distinto y fue avalado por el Colegio de Ingenieros de la provincia de Buenos Aires\u201d explic\u00f3 Endere. En ese marco, destac\u00f3 <strong>la labor del personal municipal y de la Facultad de Ingenier\u00eda de la Unicen<\/strong> que <strong>\u201celabor\u00f3 la tasaci\u00f3n y a partir de dudas, la Presidenta del cuerpo nos dej\u00f3 una aclaraci\u00f3n presentada por la misma universidad\u201d<\/strong>. M\u00e1s adelante desde la oposici\u00f3n se cuestion\u00f3 que mediante esa documentaci\u00f3n se busc\u00f3 establecer que la tarea de la Facultad consisti\u00f3 en una \u201ctasaci\u00f3n\u201d.<\/p>\n<p>&nbsp;<\/p>\n<p>Endere adelant\u00f3 que <strong>\u201cdesde el bloque vamos a presentar mociones de modificaci\u00f3n de art\u00edculos e incorporaci\u00f3n de art\u00edculos\u201d<\/strong> sobre las que luego se\u00f1al\u00f3 que \u201cvan dirigidas a garantizar al ciudadano que todas las medidas que expuso la empresa queden plasmadas en la ordenanza. <em>Nos dar\u00e1 la tranquilidad de que el plan de remediaci\u00f3n se constituye en obligaci\u00f3n de la empresa<\/em> de realizarla en los tiempos dispuestos\u201d.<\/p>\n<p>&nbsp;<\/p>\n<p><img data-recalc-dims=\"1\" loading=\"lazy\" decoding=\"async\" class=\"size-full wp-image-42580 aligncenter\" src=\"https:\/\/i0.wp.com\/cdnoticias.com\/wp-content\/uploads\/2021\/12\/HCD-cuarto-intermedio1.jpg?resize=800%2C445&#038;ssl=1\" alt=\"\" width=\"800\" height=\"445\" srcset=\"https:\/\/i0.wp.com\/cdnoticias.com\/wp-content\/uploads\/2021\/12\/HCD-cuarto-intermedio1.jpg?w=800&amp;ssl=1 800w, https:\/\/i0.wp.com\/cdnoticias.com\/wp-content\/uploads\/2021\/12\/HCD-cuarto-intermedio1.jpg?resize=300%2C167&amp;ssl=1 300w, https:\/\/i0.wp.com\/cdnoticias.com\/wp-content\/uploads\/2021\/12\/HCD-cuarto-intermedio1.jpg?resize=768%2C427&amp;ssl=1 768w\" sizes=\"auto, (max-width: 800px) 100vw, 800px\" \/><\/p>\n<p>&nbsp;<\/p>\n<p><strong>\u201cEstas mociones no son novedosas para los 20 concejales<\/strong>, han sido dialogadas y se corresponden con la concentraci\u00f3n de ideas de todos los bloques\u201d dijo en un intento de se\u00f1alar que se hab\u00edan tomado en cuenta las dudas de la oposici\u00f3n.<\/p>\n<p>&nbsp;<\/p>\n<p>En ese contexto hizo menci\u00f3n a uno de los <a href=\"https:\/\/cdnoticias.com\/index.php\/2021\/12\/27\/venta-de-una-calle-a-cementos-avellaneda-en-estas-condiciones-no-podemos-sesionar\/\" target=\"_blank\" rel=\"noopener\">aspectos cuestionados por el Frente de Todos en la previa de la sesi\u00f3n<\/a>: \u201c<strong>la ordenanza tambi\u00e9n dispone la afectaci\u00f3n de los fondos<\/strong>. La totalidad de los fondos se disponen en inversiones en infraestructura, nada va a gastos corrientes. Se pretende conformar un c\u00edrculo virtuoso de la econom\u00eda\u201d.<\/p>\n<p>&nbsp;<\/p>\n<p>En ese punto <strong>plante\u00f3 dos modificaciones al proyecto<\/strong> en tratamiento que fueron aprobadas por todos los concejales.<\/p>\n<p>&nbsp;<\/p>\n<p><img data-recalc-dims=\"1\" loading=\"lazy\" decoding=\"async\" class=\"size-full wp-image-42582 aligncenter\" src=\"https:\/\/i0.wp.com\/cdnoticias.com\/wp-content\/uploads\/2021\/12\/HCD-amespil.jpg?resize=800%2C445&#038;ssl=1\" alt=\"\" width=\"800\" height=\"445\" srcset=\"https:\/\/i0.wp.com\/cdnoticias.com\/wp-content\/uploads\/2021\/12\/HCD-amespil.jpg?w=800&amp;ssl=1 800w, https:\/\/i0.wp.com\/cdnoticias.com\/wp-content\/uploads\/2021\/12\/HCD-amespil.jpg?resize=300%2C167&amp;ssl=1 300w, https:\/\/i0.wp.com\/cdnoticias.com\/wp-content\/uploads\/2021\/12\/HCD-amespil.jpg?resize=768%2C427&amp;ssl=1 768w\" sizes=\"auto, (max-width: 800px) 100vw, 800px\" \/><\/p>\n<p>&nbsp;<\/p>\n<p>Luego intervino su compa\u00f1era de bancada, <strong>Guillermina Amespil<\/strong> quien detall\u00f3 el trabajo de la Facultad de Ingenier\u00eda y busc\u00f3 contrarrestar las observaciones que hab\u00eda hecho la oposici\u00f3n al se\u00f1alar que<strong> \u201cno se trabaj\u00f3 solo con documentaci\u00f3n que present\u00f3 la empresa\u201d<\/strong> y que los profesionales de la Facultad hicieron \u201csondeos propios y estudios en el laboratorio\u201d. <strong>\u201cEl trabajo de la Facultad de Ingenier\u00eda nos parece muy serio\u201d<\/strong> enfatiz\u00f3.<\/p>\n<p>&nbsp;<\/p>\n<p>Acerca del proyecto productivo afirm\u00f3 que <strong>\u201ces una inversi\u00f3n para los pr\u00f3ximos tres a\u00f1os\u201d<\/strong> y que la producci\u00f3n ser\u00e1 \u201cun vuelco para el mercado argentino de cemento, cal y los productos que se generen\u201d con el objetivo de que \u201cno haya baja de stock por no haber accedido a los proyectos mineros\u201d.<\/p>\n<p>&nbsp;<\/p>\n<p>M\u00e1s adelante tambi\u00e9n <strong>destac\u00f3 el desarrollo de la Facultad de Ciencias Sociales para la propuesta socioambiental<\/strong>, \u201cplantean una visi\u00f3n posmoderna de la explotaci\u00f3n minera\u201d expres\u00f3 para destacar que se utiliza el concepto de \u201cconstrucci\u00f3n de ecolog\u00eda artificial\u201d.<\/p>\n<p>&nbsp;<\/p>\n<p>Tras un cuarto intermedio donde los concejales dialogaron sobre los art\u00edculos modificados se pas\u00f3 a la votaci\u00f3n. <strong>Se aprob\u00f3 por mayor\u00eda la ordenanza 4.805\/21 con los votos de Juntos, UCR y Ahora Olavarr\u00eda<\/strong>. El interbloque Frente de Todos vot\u00f3 en contra.<\/p>\n<p>&nbsp;<\/p>\n<p><img data-recalc-dims=\"1\" loading=\"lazy\" decoding=\"async\" class=\"size-large wp-image-42573 aligncenter\" src=\"https:\/\/i0.wp.com\/cdnoticias.com\/wp-content\/uploads\/2021\/12\/WhatsApp-Image-2021-12-28-at-09.25.31.jpeg?resize=800%2C534&#038;ssl=1\" alt=\"\" width=\"800\" height=\"534\" srcset=\"https:\/\/i0.wp.com\/cdnoticias.com\/wp-content\/uploads\/2021\/12\/WhatsApp-Image-2021-12-28-at-09.25.31.jpeg?resize=1024%2C684&amp;ssl=1 1024w, https:\/\/i0.wp.com\/cdnoticias.com\/wp-content\/uploads\/2021\/12\/WhatsApp-Image-2021-12-28-at-09.25.31.jpeg?resize=300%2C200&amp;ssl=1 300w, https:\/\/i0.wp.com\/cdnoticias.com\/wp-content\/uploads\/2021\/12\/WhatsApp-Image-2021-12-28-at-09.25.31.jpeg?resize=768%2C513&amp;ssl=1 768w, https:\/\/i0.wp.com\/cdnoticias.com\/wp-content\/uploads\/2021\/12\/WhatsApp-Image-2021-12-28-at-09.25.31.jpeg?resize=272%2C182&amp;ssl=1 272w, https:\/\/i0.wp.com\/cdnoticias.com\/wp-content\/uploads\/2021\/12\/WhatsApp-Image-2021-12-28-at-09.25.31.jpeg?w=1280&amp;ssl=1 1280w\" sizes=\"auto, (max-width: 800px) 100vw, 800px\" \/><\/p>\n<p>&nbsp;<\/p>\n<p><strong>El segundo debate<\/strong><\/p>\n<p>&nbsp;<\/p>\n<p>Con esa aprobaci\u00f3n pas\u00f3 a considerarse la segunda propuesta: <strong>la afectaci\u00f3n del tramo a la venta a la empresa Cementos Avellaneda<\/strong>. Aqu\u00ed se dieron los discursos con los cuestionamientos m\u00e1s profundos de la oposici\u00f3n al oficialismo y al Ejecutivo.<\/p>\n<p>&nbsp;<\/p>\n<p>R\u00e1pidamente <strong>Ahora Olavarr\u00eda mostr\u00f3 su rechazo: vot\u00f3 en contra<\/strong>, a diferencia de la votaci\u00f3n anterior. <em>\u201cNadie est\u00e1 en contra de Cementos Avellaneda, estamos defendiendo el patrimonio de los olavarrienses\u201d<\/em> dijo Celeste Arouxet.<\/p>\n<p>&nbsp;<\/p>\n<p>Se quej\u00f3 de que <strong>el Ejecutivo no present\u00f3 \u201cel plan de inversiones\u201d<\/strong>, el cual afirm\u00f3 que solicit\u00f3 \u201cporque estoy cansada de que prometan inversiones que despu\u00e9s no hacen\u201d. \u201cEsa respuesta nunca lleg\u00f3, la volvimos a pedir la semana pasada y la estamos esperando\u201d agreg\u00f3.<\/p>\n<p>&nbsp;<\/p>\n<p><img data-recalc-dims=\"1\" loading=\"lazy\" decoding=\"async\" class=\"size-large wp-image-41676 aligncenter\" src=\"https:\/\/i0.wp.com\/cdnoticias.com\/wp-content\/uploads\/2021\/12\/Concejala-Celeste-Arouxet.jpg?resize=800%2C572&#038;ssl=1\" alt=\"\" width=\"800\" height=\"572\" srcset=\"https:\/\/i0.wp.com\/cdnoticias.com\/wp-content\/uploads\/2021\/12\/Concejala-Celeste-Arouxet.jpg?resize=1024%2C732&amp;ssl=1 1024w, https:\/\/i0.wp.com\/cdnoticias.com\/wp-content\/uploads\/2021\/12\/Concejala-Celeste-Arouxet.jpg?resize=300%2C215&amp;ssl=1 300w, https:\/\/i0.wp.com\/cdnoticias.com\/wp-content\/uploads\/2021\/12\/Concejala-Celeste-Arouxet.jpg?resize=768%2C549&amp;ssl=1 768w, https:\/\/i0.wp.com\/cdnoticias.com\/wp-content\/uploads\/2021\/12\/Concejala-Celeste-Arouxet.jpg?w=1433&amp;ssl=1 1433w\" sizes=\"auto, (max-width: 800px) 100vw, 800px\" \/><\/p>\n<p>&nbsp;<\/p>\n<p>Luego centr\u00f3 sus cr\u00edticas en <strong>\u201cla diferencia entre aval\u00fao y tasaci\u00f3n\u201d<\/strong> y en que \u201cno hay tasaci\u00f3n para la venta\u201d, En ese contexto subray\u00f3 que <strong>\u201c580.000 pesos nos sali\u00f3 a los olavarrienses el aval\u00fao\u201d<\/strong>, en referencia al pago que efectu\u00f3 la Municipalidad a la Facultad de Ingenier\u00eda por el estudio.<\/p>\n<p>&nbsp;<\/p>\n<p>Luego avanz\u00f3 en<strong> cr\u00edticas al monto establecido \u2013 1.522.603 d\u00f3lares-, la forma de pago y la forma en que ese monto se contabilizar\u00e1 en las cuentas municipales<\/strong>.<\/p>\n<p>&nbsp;<\/p>\n<p>Pidi\u00f3 el pase a comisi\u00f3n para seguir estudiando el tema. La moci\u00f3n fue rechazada por mayor\u00eda: Juntos y UCR-Juntos votaron en contra.<\/p>\n<p>&nbsp;<\/p>\n<p><img data-recalc-dims=\"1\" loading=\"lazy\" decoding=\"async\" class=\"size-large wp-image-41640 aligncenter\" src=\"https:\/\/i0.wp.com\/cdnoticias.com\/wp-content\/uploads\/2021\/12\/HCD-coscia.jpg?resize=800%2C445&#038;ssl=1\" alt=\"\" width=\"800\" height=\"445\" srcset=\"https:\/\/i0.wp.com\/cdnoticias.com\/wp-content\/uploads\/2021\/12\/HCD-coscia.jpg?resize=1024%2C569&amp;ssl=1 1024w, https:\/\/i0.wp.com\/cdnoticias.com\/wp-content\/uploads\/2021\/12\/HCD-coscia.jpg?resize=300%2C167&amp;ssl=1 300w, https:\/\/i0.wp.com\/cdnoticias.com\/wp-content\/uploads\/2021\/12\/HCD-coscia.jpg?resize=768%2C427&amp;ssl=1 768w, https:\/\/i0.wp.com\/cdnoticias.com\/wp-content\/uploads\/2021\/12\/HCD-coscia.jpg?resize=800%2C445&amp;ssl=1 800w, https:\/\/i0.wp.com\/cdnoticias.com\/wp-content\/uploads\/2021\/12\/HCD-coscia.jpg?w=1152&amp;ssl=1 1152w\" sizes=\"auto, (max-width: 800px) 100vw, 800px\" \/><\/p>\n<p>&nbsp;<\/p>\n<p>Luego intervino el concejal<strong> Carlos Coscia (Juntos)<\/strong> quien adelant\u00f3 que \u201cvamos a realizar una serie de mociones al articulado\u201d. Tras exponer en detalle aspectos de la propuesta ambiental y tur\u00edstica de la empresa, propuso cuatro modificaciones.<\/p>\n<p>&nbsp;<\/p>\n<p><strong>Entre las modificaciones que propuso estuvieron la forma de pago<\/strong> \u2013 \u201cdeterm\u00ednese que el precio de venta es el equivalente en pesos a 1.522.603.96 d\u00f3lares siendo su forma de pago mediante transferencia o dep\u00f3sito en un \u00fanico pago al momento de forma de la contraventa\u201d- y el agregado de que <strong>la empresa \u201casumir\u00e1 a su costo la obligaci\u00f3n de realizar una nueva traza la que ser\u00e1 cedida al Municipio\u201d<\/strong>.<\/p>\n<p>&nbsp;<\/p>\n<p>A continuaci\u00f3n se dio una extensa intervenci\u00f3n de la <strong>presidenta del interbloque Frente de Todos, Mercedes Land\u00edvar,<\/strong>\u00a0quien cuestion\u00f3 que el oficialismo present\u00f3 las modificaciones en la sesi\u00f3n y no las adelant\u00f3, \u201cindudablemente nos falta madurez y buenas pr\u00e1cticas democr\u00e1ticas\u201d sostuvo.<\/p>\n<p>&nbsp;<\/p>\n<p>Reiter\u00f3 las cr\u00edticas que hab\u00eda expuesto este lunes, sobre la <em>falta de tiempo para el an\u00e1lisis del tema, la falta de \u201ctasaci\u00f3n oficial\u201d e incumplimiento de la Ley 9.533<\/em>. \u201c<strong>Apareci\u00f3 hoy una aclaraci\u00f3n de la Facultad de Ingenier\u00eda donde de repente le colocan la palabra tasaci\u00f3n. El contrato que se firm\u00f3 es por aval\u00fao<\/strong>. Lamento much\u00edsimo porque s\u00e9 del prestigio de la Facultad de Ingenier\u00eda, pero esto es una verg\u00fcenza porque la Facultad no fue contratada para hacer una tasaci\u00f3n\u201d afirm\u00f3.<\/p>\n<p>&nbsp;<\/p>\n<p><img data-recalc-dims=\"1\" loading=\"lazy\" decoding=\"async\" class=\"alignnone size-full wp-image-42597\" src=\"https:\/\/i0.wp.com\/cdnoticias.com\/wp-content\/uploads\/2021\/12\/HCD-landivar-800-445.jpg?resize=800%2C445&#038;ssl=1\" alt=\"\" width=\"800\" height=\"445\" srcset=\"https:\/\/i0.wp.com\/cdnoticias.com\/wp-content\/uploads\/2021\/12\/HCD-landivar-800-445.jpg?w=800&amp;ssl=1 800w, https:\/\/i0.wp.com\/cdnoticias.com\/wp-content\/uploads\/2021\/12\/HCD-landivar-800-445.jpg?resize=300%2C167&amp;ssl=1 300w, https:\/\/i0.wp.com\/cdnoticias.com\/wp-content\/uploads\/2021\/12\/HCD-landivar-800-445.jpg?resize=768%2C427&amp;ssl=1 768w\" sizes=\"auto, (max-width: 800px) 100vw, 800px\" \/><\/p>\n<p>&nbsp;<\/p>\n<p>\u201cNo quer\u00edamos sesionar porque hay irregularidades m\u00e1s que importantes que hacen al cumplimiento de una normativa\u201d reiter\u00f3 Land\u00edvar y lanz\u00f3 \u201c<strong>estamos en contra del ejercicio de poder de esta forma<\/strong>, para hacer lo que se quiere cuando se quiere de manera caprichosa\u201d.<\/p>\n<p>&nbsp;<\/p>\n<p>M\u00e1s adelante tomaron intervenci\u00f3n otros concejales de la misma bancada: <strong>Ubaldo Garc\u00eda, In\u00e9s Creimer, Juan S\u00e1nchez y Maximiliano Wesner<\/strong>. En todos los casos cuestionaron las \u201cirregularidades\u201d del expediente en debate.<\/p>\n<p>&nbsp;<\/p>\n<p>\u201cCu\u00e1l es el apuro, a qu\u00e9 intereses responde. <strong>Claramente ac\u00e1 hay un acuerdo personal entre el Intendente municipal y el precio de venta<\/strong>. Porque se podr\u00eda haber sacado al menos el doble. Y el Intendente es el que priv\u00f3 a todos los ciudadanos de sacar al menos del doble. Nos priv\u00f3 de 150 millones m\u00e1s, del colector cloacal norte\u201d asegur\u00f3 S\u00e1nchez.<\/p>\n<p>&nbsp;<\/p>\n<p><img data-recalc-dims=\"1\" loading=\"lazy\" decoding=\"async\" class=\"alignnone size-full wp-image-42598\" src=\"https:\/\/i0.wp.com\/cdnoticias.com\/wp-content\/uploads\/2021\/12\/HCD-sanchez-1.jpg?resize=800%2C445&#038;ssl=1\" alt=\"\" width=\"800\" height=\"445\" srcset=\"https:\/\/i0.wp.com\/cdnoticias.com\/wp-content\/uploads\/2021\/12\/HCD-sanchez-1.jpg?w=800&amp;ssl=1 800w, https:\/\/i0.wp.com\/cdnoticias.com\/wp-content\/uploads\/2021\/12\/HCD-sanchez-1.jpg?resize=300%2C167&amp;ssl=1 300w, https:\/\/i0.wp.com\/cdnoticias.com\/wp-content\/uploads\/2021\/12\/HCD-sanchez-1.jpg?resize=768%2C427&amp;ssl=1 768w\" sizes=\"auto, (max-width: 800px) 100vw, 800px\" \/><\/p>\n<p>&nbsp;<\/p>\n<p>Por el oficialismo, en tanto tomaron la palabra <strong>Nicol\u00e1s Marinangelli y Maite Salerno<\/strong>, quien busc\u00f3 exponer una supuesta contradicci\u00f3n entre la postura del Frente de Todos en el Concejo y de la Subsecretar\u00eda de Miner\u00eda. Hubo algunos cruces y hasta \u201cpedidos de disculpas\u201d por exabruptos en las cr\u00edticas.<\/p>\n<p>&nbsp;<\/p>\n<p>La sorpresa la dio la UCR: intervino el <strong>presidente del bloque, Sebasti\u00e1n Matrella, quien propuso otras tres modificaciones<\/strong> y en ellas incluy\u00f3 planteos que <a href=\"https:\/\/cdnoticias.com\/index.php\/2021\/12\/14\/venta-de-un-camino-a-cementos-avellaneda-proponen-una-comision-para-analizar-los-fondos\/\" target=\"_blank\" rel=\"noopener\">hab\u00eda expresado hace tres semanas el Frente de Todos<\/a>.<\/p>\n<p>&nbsp;<\/p>\n<p>Las propuestas consistieron en la <strong>creaci\u00f3n de comisiones de \u201ccontrol y seguimiento\u201d del \u201ccronograma de tareas\u201d del proyecto ambiental y de los ingresos<\/strong> que percibe el Municipio.<\/p>\n<p>&nbsp;<\/p>\n<p><img data-recalc-dims=\"1\" loading=\"lazy\" decoding=\"async\" class=\"alignnone size-full wp-image-42599\" src=\"https:\/\/i0.wp.com\/cdnoticias.com\/wp-content\/uploads\/2021\/12\/HCD-UCR-vergel-matrella-800-445.jpg?resize=800%2C445&#038;ssl=1\" alt=\"\" width=\"800\" height=\"445\" srcset=\"https:\/\/i0.wp.com\/cdnoticias.com\/wp-content\/uploads\/2021\/12\/HCD-UCR-vergel-matrella-800-445.jpg?w=800&amp;ssl=1 800w, https:\/\/i0.wp.com\/cdnoticias.com\/wp-content\/uploads\/2021\/12\/HCD-UCR-vergel-matrella-800-445.jpg?resize=300%2C167&amp;ssl=1 300w, https:\/\/i0.wp.com\/cdnoticias.com\/wp-content\/uploads\/2021\/12\/HCD-UCR-vergel-matrella-800-445.jpg?resize=768%2C427&amp;ssl=1 768w\" sizes=\"auto, (max-width: 800px) 100vw, 800px\" \/><\/p>\n<p>&nbsp;<\/p>\n<p>Tras m\u00e1s intervenciones y pedidos de modificaci\u00f3n a la propuesta que hab\u00eda planteado la UCR, las cuales fueron aceptadas,<strong> la presidenta Cecilia Krivochen llam\u00f3 a votaci\u00f3n<\/strong>.<\/p>\n<p>&nbsp;<\/p>\n<p><em>Las siete modificaciones planteadas por Coscia y Matrella fueron aprobadas por unanimidad<\/em>. Finalmente,<strong> la ordenanza de venta de los lotes a la empresa Cementos Avellaneda se aprob\u00f3 por mayor\u00eda: Juntos y UCR-Juntos votaron por la positiva<\/strong> y habilitaron la ordenanza 4.806\/21. El Frente de Todos y Ahora Olavarr\u00eda votaron en contra.<\/p>\n<p>&nbsp;<\/p>\n<p>Casi a las 14, tras cuatro horas y media de debate,<strong> finaliz\u00f3 la tercera sesi\u00f3n extraordinaria del diciembre<\/strong> y la \u00faltima del a\u00f1o.<\/p>\n<p>&nbsp;<\/p>\n","protected":false},"excerpt":{"rendered":"<p>El oficialismo busc\u00f3 destacar la labor interdisciplinaria y de numerosos organismos para el desarrollo del proyecto. La oposici\u00f3n hizo hincapi\u00e9<\/p>\n","protected":false},"author":4,"featured_media":42571,"comment_status":"closed","ping_status":"closed","sticky":false,"template":"","format":"standard","meta":{"_jetpack_memberships_contains_paid_content":false,"footnotes":""},"categories":[4,1],"tags":[],"class_list":["post-42592","post","type-post","status-publish","format-standard","has-post-thumbnail","hentry","category-politica","category-portada"],"jetpack_featured_media_url":"https:\/\/i0.wp.com\/cdnoticias.com\/wp-content\/uploads\/2021\/12\/WhatsApp-Image-2021-12-28-at-09.25.30-1.jpeg?fit=1280%2C855&ssl=1","jetpack_sharing_enabled":true,"_links":{"self":[{"href":"https:\/\/cdnoticias.com\/index.php\/wp-json\/wp\/v2\/posts\/42592","targetHints":{"allow":["GET"]}}],"collection":[{"href":"https:\/\/cdnoticias.com\/index.php\/wp-json\/wp\/v2\/posts"}],"about":[{"href":"https:\/\/cdnoticias.com\/index.php\/wp-json\/wp\/v2\/types\/post"}],"author":[{"embeddable":true,"href":"https:\/\/cdnoticias.com\/index.php\/wp-json\/wp\/v2\/users\/4"}],"replies":[{"embeddable":true,"href":"https:\/\/cdnoticias.com\/index.php\/wp-json\/wp\/v2\/comments?post=42592"}],"version-history":[{"count":0,"href":"https:\/\/cdnoticias.com\/index.php\/wp-json\/wp\/v2\/posts\/42592\/revisions"}],"wp:featuredmedia":[{"embeddable":true,"href":"https:\/\/cdnoticias.com\/index.php\/wp-json\/wp\/v2\/media\/42571"}],"wp:attachment":[{"href":"https:\/\/cdnoticias.com\/index.php\/wp-json\/wp\/v2\/media?parent=42592"}],"wp:term":[{"taxonomy":"category","embeddable":true,"href":"https:\/\/cdnoticias.com\/index.php\/wp-json\/wp\/v2\/categories?post=42592"},{"taxonomy":"post_tag","embeddable":true,"href":"https:\/\/cdnoticias.com\/index.php\/wp-json\/wp\/v2\/tags?post=42592"}],"curies":[{"name":"wp","href":"https:\/\/api.w.org\/{rel}","templated":true}]}}