{"id":42586,"date":"2021-12-28T11:46:45","date_gmt":"2021-12-28T14:46:45","guid":{"rendered":"http:\/\/www.centraldenoticias.com.ar\/?p=42586"},"modified":"2021-12-28T11:46:45","modified_gmt":"2021-12-28T14:46:45","slug":"miguel-angel-armando-gallo-q-e-p-d","status":"publish","type":"post","link":"https:\/\/cdnoticias.com\/index.php\/2021\/12\/28\/miguel-angel-armando-gallo-q-e-p-d\/","title":{"rendered":"Miguel Angel Armando &#8221;Gallo&#8221; (Q.E.P.D.)"},"content":{"rendered":"<p>&nbsp;<\/p>\n<p>Falleci\u00f3 en Sierra Chica el d\u00eda 27 de diciembre de 2021 a los 50 a\u00f1os de edad.<\/p>\n<p>&nbsp;<\/p>\n<p>Su hijo Kevin. Su madre Rita Marta Rivarola. Sus hermanos Pablo David, Gustavo, Sergio, Marcelo Javier y Diego Luis Armando. Su nieta \u00c1mbar Armando. Sus nueras. Sus primos. Sus amigos y dem\u00e1s deudos participan de su fallecimiento.<\/p>\n<p>&nbsp;<\/p>\n<p>Velatorio: Espa\u00f1a 2942 departamento &#8221;B&#8221; martes 16 horas. Responso: Capilla ardiente. Inhumaci\u00f3n: Cementerio Municipal de Hinojo, mi\u00e9rcoles 9:30 horas. Servicio adherido a Coopelectric.<\/p>\n<p>&nbsp;<\/p>\n<p>Vecino de Sierra Chica<\/p>\n<p>&nbsp;<\/p>\n<p>Lugar de nacimiento: Sierra Chica<\/p>\n<p>&nbsp;<\/p>\n<p>Actividad que desarrollaba: Empleado<\/p>\n","protected":false},"excerpt":{"rendered":"<p>&nbsp; Falleci\u00f3 en Sierra Chica el d\u00eda 27 de diciembre de 2021 a los 50 a\u00f1os de edad. &nbsp; Su<\/p>\n","protected":false},"author":4,"featured_media":0,"comment_status":"closed","ping_status":"closed","sticky":false,"template":"","format":"standard","meta":{"_jetpack_memberships_contains_paid_content":false,"footnotes":""},"categories":[10],"tags":[],"class_list":["post-42586","post","type-post","status-publish","format-standard","hentry","category-necrologicas"],"jetpack_featured_media_url":"","jetpack_sharing_enabled":true,"_links":{"self":[{"href":"https:\/\/cdnoticias.com\/index.php\/wp-json\/wp\/v2\/posts\/42586","targetHints":{"allow":["GET"]}}],"collection":[{"href":"https:\/\/cdnoticias.com\/index.php\/wp-json\/wp\/v2\/posts"}],"about":[{"href":"https:\/\/cdnoticias.com\/index.php\/wp-json\/wp\/v2\/types\/post"}],"author":[{"embeddable":true,"href":"https:\/\/cdnoticias.com\/index.php\/wp-json\/wp\/v2\/users\/4"}],"replies":[{"embeddable":true,"href":"https:\/\/cdnoticias.com\/index.php\/wp-json\/wp\/v2\/comments?post=42586"}],"version-history":[{"count":0,"href":"https:\/\/cdnoticias.com\/index.php\/wp-json\/wp\/v2\/posts\/42586\/revisions"}],"wp:attachment":[{"href":"https:\/\/cdnoticias.com\/index.php\/wp-json\/wp\/v2\/media?parent=42586"}],"wp:term":[{"taxonomy":"category","embeddable":true,"href":"https:\/\/cdnoticias.com\/index.php\/wp-json\/wp\/v2\/categories?post=42586"},{"taxonomy":"post_tag","embeddable":true,"href":"https:\/\/cdnoticias.com\/index.php\/wp-json\/wp\/v2\/tags?post=42586"}],"curies":[{"name":"wp","href":"https:\/\/api.w.org\/{rel}","templated":true}]}}