{"id":42561,"date":"2021-12-28T08:14:43","date_gmt":"2021-12-28T11:14:43","guid":{"rendered":"http:\/\/www.centraldenoticias.com.ar\/?p=42561"},"modified":"2021-12-28T08:14:43","modified_gmt":"2021-12-28T11:14:43","slug":"italo-argentino-conte-poroto-q-e-p-d","status":"publish","type":"post","link":"https:\/\/cdnoticias.com\/index.php\/2021\/12\/28\/italo-argentino-conte-poroto-q-e-p-d\/","title":{"rendered":"Italo Argentino Conte &#8220;Poroto&#8221; (Q.E.P.D.)"},"content":{"rendered":"<p>Falleci\u00f3 en Olavarr\u00eda el 28 de diciembre de 2021 a los 88 a\u00f1os. Sus hijos Marcelo Fabi\u00e1n, Am\u00edlcar Edgardo y Yesica Salom\u00e9 Conte; sus hijos pol\u00edticos: Yanina Marisol Ar\u00e9valo y Lucas Barrueto; sus nietos: Ornella, Francesca, Gian y Santino Conte, Samuel, Luana Barrueto y dem\u00e1s deudos participan su fallecimiento.<\/p>\n<p>&nbsp;<\/p>\n<p>Sus restos ser\u00e1n inhumados en el Crematorio Pinos de Paz en d\u00eda y horario a confirmar. Nacido en CABA, vecino de Sierras Bayas, chofer jubilado de la Escuela Especial N.\u00ba503.<\/p>\n","protected":false},"excerpt":{"rendered":"<p>Falleci\u00f3 en Olavarr\u00eda el 28 de diciembre de 2021 a los 88 a\u00f1os. Sus hijos Marcelo Fabi\u00e1n, Am\u00edlcar Edgardo y<\/p>\n","protected":false},"author":2,"featured_media":0,"comment_status":"closed","ping_status":"closed","sticky":false,"template":"","format":"standard","meta":{"_jetpack_memberships_contains_paid_content":false,"footnotes":""},"categories":[10],"tags":[],"class_list":["post-42561","post","type-post","status-publish","format-standard","hentry","category-necrologicas"],"jetpack_featured_media_url":"","jetpack_sharing_enabled":true,"_links":{"self":[{"href":"https:\/\/cdnoticias.com\/index.php\/wp-json\/wp\/v2\/posts\/42561","targetHints":{"allow":["GET"]}}],"collection":[{"href":"https:\/\/cdnoticias.com\/index.php\/wp-json\/wp\/v2\/posts"}],"about":[{"href":"https:\/\/cdnoticias.com\/index.php\/wp-json\/wp\/v2\/types\/post"}],"author":[{"embeddable":true,"href":"https:\/\/cdnoticias.com\/index.php\/wp-json\/wp\/v2\/users\/2"}],"replies":[{"embeddable":true,"href":"https:\/\/cdnoticias.com\/index.php\/wp-json\/wp\/v2\/comments?post=42561"}],"version-history":[{"count":0,"href":"https:\/\/cdnoticias.com\/index.php\/wp-json\/wp\/v2\/posts\/42561\/revisions"}],"wp:attachment":[{"href":"https:\/\/cdnoticias.com\/index.php\/wp-json\/wp\/v2\/media?parent=42561"}],"wp:term":[{"taxonomy":"category","embeddable":true,"href":"https:\/\/cdnoticias.com\/index.php\/wp-json\/wp\/v2\/categories?post=42561"},{"taxonomy":"post_tag","embeddable":true,"href":"https:\/\/cdnoticias.com\/index.php\/wp-json\/wp\/v2\/tags?post=42561"}],"curies":[{"name":"wp","href":"https:\/\/api.w.org\/{rel}","templated":true}]}}