{"id":42555,"date":"2021-12-27T21:10:44","date_gmt":"2021-12-28T00:10:44","guid":{"rendered":"http:\/\/www.centraldenoticias.com.ar\/?p=42555"},"modified":"2021-12-27T21:10:44","modified_gmt":"2021-12-28T00:10:44","slug":"este-lunes-se-aplicaron-cerca-de-1200-dosis-contra-el-covid19","status":"publish","type":"post","link":"https:\/\/cdnoticias.com\/index.php\/2021\/12\/27\/este-lunes-se-aplicaron-cerca-de-1200-dosis-contra-el-covid19\/","title":{"rendered":"Este lunes se aplicaron cerca de 1200 dosis contra el Covid19"},"content":{"rendered":"<p style=\"padding-left: 30px; text-align: left;\">En el servicio territorial 2 fueron vacunadas cerca de 500 personas. Rige la vacunaci\u00f3n libre en primeras y segundas dosis para mayores de 3 a\u00f1os.<!--more--><\/p>\n<hr \/>\n<p>Sigue a paso firme el plan provincial de vacunaci\u00f3n contra el Coronavirus y asi qued\u00f3 expuesto en el detalle remitido desde Regi\u00f3n Sanitaria IX en la noche de este lunes, en el cual se dio cuenta qu<strong>e en la jornada recibieron su dosis cerca de 1200 olavarrienses.\u00a0<\/strong><\/p>\n<p>&nbsp;<\/p>\n<blockquote><p>El detalle da cuenta que en el Servicio Territorial N\u00b02 fueron vacunadas 479 personas, en la Facultad de Ciencias de la Salud 427 y en el Centro Cultural Universitario 283.<\/p><\/blockquote>\n<p>&nbsp;<\/p>\n<p>Adem\u00e1s, se enfatiz\u00f3 que <strong>contin\u00faa la vacunaci\u00f3n libre de primeras y segundas dosis para mayores de 3 a\u00f1os<\/strong>, ya sean argentinos, argentinas y turistas extranjeros, en todas las postas sanitarias de la provincia.<\/p>\n<p>&nbsp;<\/p>\n<p>A la par, tal como se hab\u00eda comunicado m\u00e1s temprano, se reiter\u00f3 que siguen las actividades preventivas que se realizan en el <strong>Centro Provincial de Testeos que funciona en las instalaciones del Club El Fort\u00edn (Urquiza 2980), cuyo horarios se prolong\u00f3 de lunes a viernes de 7 a 12 hs.<\/strong><\/p>\n<p>&nbsp;<\/p>\n<p><img data-recalc-dims=\"1\" loading=\"lazy\" decoding=\"async\" class=\"alignnone size-large wp-image-42466\" src=\"https:\/\/i0.wp.com\/cdnoticias.com\/wp-content\/uploads\/2021\/12\/testeos-el-fortin2.jpg?resize=800%2C445&#038;ssl=1\" alt=\"\" width=\"800\" height=\"445\" srcset=\"https:\/\/i0.wp.com\/cdnoticias.com\/wp-content\/uploads\/2021\/12\/testeos-el-fortin2.jpg?resize=1024%2C570&amp;ssl=1 1024w, https:\/\/i0.wp.com\/cdnoticias.com\/wp-content\/uploads\/2021\/12\/testeos-el-fortin2.jpg?resize=300%2C167&amp;ssl=1 300w, https:\/\/i0.wp.com\/cdnoticias.com\/wp-content\/uploads\/2021\/12\/testeos-el-fortin2.jpg?resize=768%2C427&amp;ssl=1 768w, https:\/\/i0.wp.com\/cdnoticias.com\/wp-content\/uploads\/2021\/12\/testeos-el-fortin2.jpg?resize=800%2C445&amp;ssl=1 800w, https:\/\/i0.wp.com\/cdnoticias.com\/wp-content\/uploads\/2021\/12\/testeos-el-fortin2.jpg?w=1599&amp;ssl=1 1599w\" sizes=\"auto, (max-width: 800px) 100vw, 800px\" \/><\/p>\n<p>&nbsp;<\/p>\n<p>Por \u00faltimo, se informa que <strong>ya rige el Pase Libre con Vacuna en la Provincia de Buenos Aires<\/strong>. Los responsables de actividades con alta concurrencia deber\u00e1n solicitar el certificado de vacunaci\u00f3n. Es el requisito de al menos dos dosis de la vacuna contra el Covid-19 que es necesario presentar si ten\u00e9s m\u00e1s de 13 a\u00f1os para poder asistir a algunas actividades en la provincia de Buenos Aires que pueden presentar mayor riesgo epidemiol\u00f3gico.<\/p>\n<p>&nbsp;<\/p>\n<p>No obstante, <strong>hasta el 28 de febrero, si una persona tiene la primera dosis y no se cumpli\u00f3 el tiempo m\u00ednimo interdosis (seis semanas) tambi\u00e9n puede acreditar el pase libre<\/strong>.<\/p>\n<p>&nbsp;<\/p>\n<blockquote><p>Cualquier duda o consulta, podr\u00e1n acercarse a cualquiera de las tres postas: Servicio Territorial N\u00b02, Av. Alberdi 2543, de 8 a 18 hs; Facultad de Ciencias de la Salud, Merlo entre Av. Pringles y 9 de julio, de 8 a 18 hs, y en el Centro Cultural Universitario, San Martin 1955, de 8 a 18 hs.<\/p><\/blockquote>\n<p>&nbsp;<\/p>\n<p>Los que residan en la provincia de Buenos Aires <strong>podr\u00e1n acreditar las dosis de la vacuna con el carnet en cart\u00f3n o tarjeta, en el portal mi.argentina.gob.ar y en las App VacunatePBA, Cuidar y MiArgentina.<\/strong><\/p>\n","protected":false},"excerpt":{"rendered":"<p>En el servicio territorial 2 fueron vacunadas cerca de 500 personas. Rige la vacunaci\u00f3n libre en primeras y segundas dosis<\/p>\n","protected":false},"author":3,"featured_media":25802,"comment_status":"closed","ping_status":"closed","sticky":false,"template":"","format":"standard","meta":{"_jetpack_memberships_contains_paid_content":false,"footnotes":""},"categories":[16,1],"tags":[],"class_list":["post-42555","post","type-post","status-publish","format-standard","has-post-thumbnail","hentry","category-covid-19","category-portada"],"jetpack_featured_media_url":"https:\/\/i0.wp.com\/cdnoticias.com\/wp-content\/uploads\/2021\/07\/vacunacion-15.jpg?fit=4608%2C2563&ssl=1","jetpack_sharing_enabled":true,"_links":{"self":[{"href":"https:\/\/cdnoticias.com\/index.php\/wp-json\/wp\/v2\/posts\/42555","targetHints":{"allow":["GET"]}}],"collection":[{"href":"https:\/\/cdnoticias.com\/index.php\/wp-json\/wp\/v2\/posts"}],"about":[{"href":"https:\/\/cdnoticias.com\/index.php\/wp-json\/wp\/v2\/types\/post"}],"author":[{"embeddable":true,"href":"https:\/\/cdnoticias.com\/index.php\/wp-json\/wp\/v2\/users\/3"}],"replies":[{"embeddable":true,"href":"https:\/\/cdnoticias.com\/index.php\/wp-json\/wp\/v2\/comments?post=42555"}],"version-history":[{"count":0,"href":"https:\/\/cdnoticias.com\/index.php\/wp-json\/wp\/v2\/posts\/42555\/revisions"}],"wp:featuredmedia":[{"embeddable":true,"href":"https:\/\/cdnoticias.com\/index.php\/wp-json\/wp\/v2\/media\/25802"}],"wp:attachment":[{"href":"https:\/\/cdnoticias.com\/index.php\/wp-json\/wp\/v2\/media?parent=42555"}],"wp:term":[{"taxonomy":"category","embeddable":true,"href":"https:\/\/cdnoticias.com\/index.php\/wp-json\/wp\/v2\/categories?post=42555"},{"taxonomy":"post_tag","embeddable":true,"href":"https:\/\/cdnoticias.com\/index.php\/wp-json\/wp\/v2\/tags?post=42555"}],"curies":[{"name":"wp","href":"https:\/\/api.w.org\/{rel}","templated":true}]}}