{"id":42518,"date":"2021-12-28T20:48:46","date_gmt":"2021-12-28T23:48:46","guid":{"rendered":"http:\/\/www.centraldenoticias.com.ar\/?p=42518"},"modified":"2021-12-29T08:26:50","modified_gmt":"2021-12-29T11:26:50","slug":"comerciantes-unidos-necesitamos-tener-una-vision-de-ciudad","status":"publish","type":"post","link":"https:\/\/cdnoticias.com\/index.php\/2021\/12\/28\/comerciantes-unidos-necesitamos-tener-una-vision-de-ciudad\/","title":{"rendered":"Comerciantes Unidos: \u201cNecesitamos tener una visi\u00f3n de ciudad\u201d"},"content":{"rendered":"<p>Pamela Videla y Gonzalo Pereyra de Comerciantes Unidos hablaron con Central de Noticias sobre las acciones realizadas por la agrupaci\u00f3n durante este 2021. Las proyecciones y problem\u00e1ticas del sector. Las acciones para alcanzar una visi\u00f3n propia de ciudad.<!--more--><\/p>\n<hr \/>\n<p><strong><em>\u201cPara el comercio en t\u00e9rminos generales, este a\u00f1o fue muy vertiginoso, con much\u00edsima incertidumbre\u201d<\/em><\/strong>, afirm\u00f3 <strong>Pamela Videla junto a Gonzalo Pereyra<\/strong>, integrantes de Comerciantes Unidos.<\/p>\n<p>&nbsp;<\/p>\n<p>En di\u00e1logo con <em>Central de Noticias<\/em> realizaron un balance de lo ocurrido durante este 2021 y expresaron como deseo para el pr\u00f3ximo a\u00f1o una <strong>mayor planificaci\u00f3n en el rubro comercial que acompa\u00f1e y potencie el crecimiento de la ciudad.<\/strong><\/p>\n<p>&nbsp;<\/p>\n<p>Se\u00f1alaron como positivo el poder tener <em>\u201clas puertas abiertas\u201d<\/em> de los comercios y tambi\u00e9n que <em>\u201cla gente perdi\u00f3 el temor a la compra virtual lo que nos hace revolucionarnos como comerciantes y ver c\u00f3mo encarar toda esta situaci\u00f3n desconocida para muchos\u201d.<\/em><\/p>\n<p>&nbsp;<\/p>\n<p>Videla asegur\u00f3 que <strong><em>\u201ca nivel agrupaci\u00f3n nos hemos instalado como representantes de los comerciantes\u201d<\/em><\/strong> y ahora <em>\u201ctenemos que ir viendo que paso, c\u00f3mo nos reconvertimos como agrupaci\u00f3n una vez que la pandemia vaya pasando o tomo tintes diferentes\u201d.<\/em><\/p>\n<p>&nbsp;<\/p>\n<blockquote><p>Si bien nacimos antes de la pandemia con el Estacionamiento Medido, ahora hay que ver qu\u00e9 es lo que hacemos de cara al a\u00f1o que viene.<\/p><\/blockquote>\n<p>&nbsp;<\/p>\n<p><img data-recalc-dims=\"1\" loading=\"lazy\" decoding=\"async\" class=\"alignnone size-large wp-image-42483\" src=\"https:\/\/i0.wp.com\/cdnoticias.com\/wp-content\/uploads\/2021\/12\/comerciantesunidos4.jpg?resize=800%2C445&#038;ssl=1\" alt=\"\" width=\"800\" height=\"445\" srcset=\"https:\/\/i0.wp.com\/cdnoticias.com\/wp-content\/uploads\/2021\/12\/comerciantesunidos4.jpg?resize=1024%2C570&amp;ssl=1 1024w, https:\/\/i0.wp.com\/cdnoticias.com\/wp-content\/uploads\/2021\/12\/comerciantesunidos4.jpg?resize=300%2C167&amp;ssl=1 300w, https:\/\/i0.wp.com\/cdnoticias.com\/wp-content\/uploads\/2021\/12\/comerciantesunidos4.jpg?resize=768%2C427&amp;ssl=1 768w, https:\/\/i0.wp.com\/cdnoticias.com\/wp-content\/uploads\/2021\/12\/comerciantesunidos4.jpg?resize=800%2C445&amp;ssl=1 800w, https:\/\/i0.wp.com\/cdnoticias.com\/wp-content\/uploads\/2021\/12\/comerciantesunidos4.jpg?w=1600&amp;ssl=1 1600w, https:\/\/i0.wp.com\/cdnoticias.com\/wp-content\/uploads\/2021\/12\/comerciantesunidos4.jpg?w=2400&amp;ssl=1 2400w\" sizes=\"auto, (max-width: 800px) 100vw, 800px\" \/><\/p>\n<p>&nbsp;<\/p>\n<p><b>Relaciones interinstituc<\/b><b>ionales<\/b><\/p>\n<p>&nbsp;<\/p>\n<p>Pereyra indic\u00f3 que el objetivo principal de la agrupaci\u00f3n es <em>\u201ctrabajar para mejorar aspectos del comercio\u201d<\/em> y en ese sentido <strong><em>\u201cese pijoterismo politico que aparece a veces me parece que no es sanoa para la sociedad. Eso estar\u00eda bueno que se mejore\u201d.<\/em><\/strong><\/p>\n<p>&nbsp;<\/p>\n<p>Para Videla las<strong> relaciones entre las instituciones<\/strong><em> \u201cson dif\u00edciles\u201d<\/em> y cuando surge una nueva agrupaci\u00f3n<em> \u201chay una cierta reticencia de las instituciones m\u00e1s tradicionales a aceptar estos nuevos aires de cambio\u201d.<\/em><\/p>\n<p>&nbsp;<\/p>\n<p><strong>Describi\u00f3 el v\u00ednculo con la Municipalidad tambi\u00e9n como \u201cdif\u00edci\u201d<\/strong> y explic\u00f3 que <em>\u201ccon el Intendente salvo al principio de 2020 nunca nos pudimos reunir\u201d<\/em>. Por otra parte, resalt\u00f3 el v\u00ednculo con la<strong> Uni\u00f3n Industrial Olavarr\u00eda<\/strong> y la posibilidad de reunirse <em>\u201ccon el Presidente, el Gobernador, el ministro de la Producci\u00f3n\u2026 figuras que son clave y a las que les podemos transmitir nuestras problem\u00e1ticas\u201d.<\/em><\/p>\n<p>&nbsp;<\/p>\n<p><img data-recalc-dims=\"1\" loading=\"lazy\" decoding=\"async\" class=\"alignnone size-large wp-image-42480\" src=\"https:\/\/i0.wp.com\/cdnoticias.com\/wp-content\/uploads\/2021\/12\/comerciantesunidos1.jpg?resize=800%2C445&#038;ssl=1\" alt=\"\" width=\"800\" height=\"445\" srcset=\"https:\/\/i0.wp.com\/cdnoticias.com\/wp-content\/uploads\/2021\/12\/comerciantesunidos1.jpg?resize=1024%2C570&amp;ssl=1 1024w, https:\/\/i0.wp.com\/cdnoticias.com\/wp-content\/uploads\/2021\/12\/comerciantesunidos1.jpg?resize=300%2C167&amp;ssl=1 300w, https:\/\/i0.wp.com\/cdnoticias.com\/wp-content\/uploads\/2021\/12\/comerciantesunidos1.jpg?resize=768%2C427&amp;ssl=1 768w, https:\/\/i0.wp.com\/cdnoticias.com\/wp-content\/uploads\/2021\/12\/comerciantesunidos1.jpg?resize=800%2C445&amp;ssl=1 800w, https:\/\/i0.wp.com\/cdnoticias.com\/wp-content\/uploads\/2021\/12\/comerciantesunidos1.jpg?w=1600&amp;ssl=1 1600w, https:\/\/i0.wp.com\/cdnoticias.com\/wp-content\/uploads\/2021\/12\/comerciantesunidos1.jpg?w=2400&amp;ssl=1 2400w\" sizes=\"auto, (max-width: 800px) 100vw, 800px\" \/><\/p>\n<p>&nbsp;<\/p>\n<p><b>Principales problem\u00e1ticas del sector<\/b><\/p>\n<p>&nbsp;<\/p>\n<p><em>\u201cNosotros tenemos ganas de <strong>cambiar esta realidad de que emprender formalmente no sea un castigo.<\/strong> Cualquiera que est\u00e1 emprendiendo un negocio tiene que evaluar cu\u00e1les son los beneficios de ser formal y hoy por hoy no son muchos\u201d<\/em>, indic\u00f3 Pereyra.<\/p>\n<p>&nbsp;<\/p>\n<p>Videla ejemplific\u00f3: <strong><em>\u201choy te conviene tener un showroom. Parece un castigo pasarse a la formalidad comercial\u201d.<\/em><\/strong><\/p>\n<p>&nbsp;<\/p>\n<p>Es por eso que desde la agrupaci\u00f3n \u201c<em>tratamos de buscar beneficios y que ser comerciante tenga ese valor que ten\u00eda antes. Nosotros entendemos que muchas veces la persona que est\u00e1 trabajando desde la informalidad no es porque no tiene ganas de habilitar sino porque por ah\u00ed no llega a juntar la plata del alquiler, el dep\u00f3sito, la garant\u00eda, la carteler\u00eda&#8230;\u201d.<\/em><\/p>\n<p>&nbsp;<\/p>\n<p>Insistieron en la necesidad de una<strong> mayor cercan\u00eda entre los comerciantes y las instituciones<\/strong>. <em>\u201cM\u00e1s que nada con al parte municipal, para que la gente que emprende tambi\u00e9n aporte a la localidad\u201d.<\/em><\/p>\n<p>&nbsp;<\/p>\n<p><em>\u201c<strong>Muchos se est\u00e1n recuperando de lo que fue el 2020<\/strong>, muchos est\u00e1n reci\u00e9n ahora poni\u00e9ndose al d\u00eda con las cuentas, con AFIP, con ARBA, con el Municipio mismo. Se nota que ha habido una reactivaci\u00f3n pero muchos seguimos atrasados\u201d<\/em>, afirm\u00f3 Pereyra.<\/p>\n<p>&nbsp;<\/p>\n<p><img data-recalc-dims=\"1\" loading=\"lazy\" decoding=\"async\" class=\"alignnone size-large wp-image-42481\" src=\"https:\/\/i0.wp.com\/cdnoticias.com\/wp-content\/uploads\/2021\/12\/comerciantesunidos2.jpg?resize=800%2C445&#038;ssl=1\" alt=\"\" width=\"800\" height=\"445\" srcset=\"https:\/\/i0.wp.com\/cdnoticias.com\/wp-content\/uploads\/2021\/12\/comerciantesunidos2.jpg?resize=1024%2C570&amp;ssl=1 1024w, https:\/\/i0.wp.com\/cdnoticias.com\/wp-content\/uploads\/2021\/12\/comerciantesunidos2.jpg?resize=300%2C167&amp;ssl=1 300w, https:\/\/i0.wp.com\/cdnoticias.com\/wp-content\/uploads\/2021\/12\/comerciantesunidos2.jpg?resize=768%2C427&amp;ssl=1 768w, https:\/\/i0.wp.com\/cdnoticias.com\/wp-content\/uploads\/2021\/12\/comerciantesunidos2.jpg?resize=800%2C445&amp;ssl=1 800w, https:\/\/i0.wp.com\/cdnoticias.com\/wp-content\/uploads\/2021\/12\/comerciantesunidos2.jpg?w=1600&amp;ssl=1 1600w, https:\/\/i0.wp.com\/cdnoticias.com\/wp-content\/uploads\/2021\/12\/comerciantesunidos2.jpg?w=2400&amp;ssl=1 2400w\" sizes=\"auto, (max-width: 800px) 100vw, 800px\" \/><\/p>\n<p>&nbsp;<\/p>\n<p><b>La necesidad de una \u201cvisi\u00f3n de ciudad\u201d<\/b><\/p>\n<p>&nbsp;<\/p>\n<p><em>\u201c<strong>Cuando nos hemos reunido con los distintos partidos pol\u00edticos les hemos planteado que necesitamos tener una visi\u00f3n de ciudad, hacia d\u00f3nde estamos yendo.<\/strong> Para eso necesitamos converger distintas instituciones y distintos representantes: comercio, industria, microemprendedores, sociedades de fomento, un mont\u00f3n de espacios que tenemos que estar conversando\u201d<\/em>, afirm\u00f3 Videla.<\/p>\n<p>&nbsp;<\/p>\n<p>Por su parte, Pereyra indic\u00f3 que <em>\u201c<strong>Olavarr\u00eda est\u00e1 en un momento ideal en el que necesita esa planificaci\u00f3n.<\/strong> Est\u00e1 teniendo m\u00e1s tr\u00e1nsito, m\u00e1s gente, m\u00e1s locales, mas emprendimientos, hay gente que se muda a la ciudad, vienen m\u00e1s chicos a estudiar ac\u00e1\u201d.<\/em><\/p>\n<p>&nbsp;<\/p>\n<p>Adem\u00e1s, resaltaron la importancia de impulsar otras actividades ya que <em>\u201cOlavarr\u00eda depende much\u00edsimo de las canteras y eso no dejan de ser un recurso finito que puede agotarse. Necesitamos que Olavarr\u00eda instale otro tipo de industria, comercios, que no dependamos exclusivamente de una actividad que puede terminarse\u201d.<\/em><\/p>\n","protected":false},"excerpt":{"rendered":"<p>Pamela Videla y Gonzalo Pereyra de Comerciantes Unidos hablaron con Central de Noticias sobre las acciones realizadas por la agrupaci\u00f3n<\/p>\n","protected":false},"author":5,"featured_media":42479,"comment_status":"closed","ping_status":"closed","sticky":false,"template":"","format":"standard","meta":{"_jetpack_memberships_contains_paid_content":false,"footnotes":""},"categories":[5,1],"tags":[],"class_list":["post-42518","post","type-post","status-publish","format-standard","has-post-thumbnail","hentry","category-informacion-general","category-portada"],"jetpack_featured_media_url":"https:\/\/i0.wp.com\/cdnoticias.com\/wp-content\/uploads\/2021\/12\/comerciantesunidos.jpg?fit=4072%2C2265&ssl=1","jetpack_sharing_enabled":true,"_links":{"self":[{"href":"https:\/\/cdnoticias.com\/index.php\/wp-json\/wp\/v2\/posts\/42518","targetHints":{"allow":["GET"]}}],"collection":[{"href":"https:\/\/cdnoticias.com\/index.php\/wp-json\/wp\/v2\/posts"}],"about":[{"href":"https:\/\/cdnoticias.com\/index.php\/wp-json\/wp\/v2\/types\/post"}],"author":[{"embeddable":true,"href":"https:\/\/cdnoticias.com\/index.php\/wp-json\/wp\/v2\/users\/5"}],"replies":[{"embeddable":true,"href":"https:\/\/cdnoticias.com\/index.php\/wp-json\/wp\/v2\/comments?post=42518"}],"version-history":[{"count":0,"href":"https:\/\/cdnoticias.com\/index.php\/wp-json\/wp\/v2\/posts\/42518\/revisions"}],"wp:featuredmedia":[{"embeddable":true,"href":"https:\/\/cdnoticias.com\/index.php\/wp-json\/wp\/v2\/media\/42479"}],"wp:attachment":[{"href":"https:\/\/cdnoticias.com\/index.php\/wp-json\/wp\/v2\/media?parent=42518"}],"wp:term":[{"taxonomy":"category","embeddable":true,"href":"https:\/\/cdnoticias.com\/index.php\/wp-json\/wp\/v2\/categories?post=42518"},{"taxonomy":"post_tag","embeddable":true,"href":"https:\/\/cdnoticias.com\/index.php\/wp-json\/wp\/v2\/tags?post=42518"}],"curies":[{"name":"wp","href":"https:\/\/api.w.org\/{rel}","templated":true}]}}